{"id":12344,"date":"2021-04-19T10:13:58","date_gmt":"2021-04-19T08:13:58","guid":{"rendered":"https:\/\/www.sindicabarcelona.cat\/?p=12344"},"modified":"2021-04-19T10:17:11","modified_gmt":"2021-04-19T08:17:11","slug":"comenca-la-fase-de-suport-ciutada-a-les-candidatures-a-la-sindicatura-de-greuges-de-barcelona","status":"publish","type":"post","link":"https:\/\/www.sindicaturabarcelona.cat\/ca\/comenca-la-fase-de-suport-ciutada-a-les-candidatures-a-la-sindicatura-de-greuges-de-barcelona\/","title":{"rendered":"Comen\u00e7a la fase de suport ciutad\u00e0 a les candidatures a la Sindicatura de Greuges de Barcelona"},"content":{"rendered":"\n<p><strong>Barcelona, 19 d\u2019abril del 2021<\/strong> &#8211; A partir d\u2019aquest dilluns 19 d\u2019abril comen\u00e7a la fase de suport ciutad\u00e0 a les candidatures a la Sindicatura de Greuges de Barcelona. El proc\u00e9s durar\u00e0 un mes, fins al 19 de maig, i es dur\u00e0 a terme mitjan\u00e7ant la plataforma Decidim.Barcelona.<\/p>\n\n\n\n<p>La fase de suport ciutad\u00e0 a les candidatures a la Sindicatura es va realitzar per primera vegada en l\u2019anterior proc\u00e9s d\u2019elecci\u00f3, el 2016. En aquella ocasi\u00f3, entre les cinc persones que es presentaven per al c\u00e0rrec, van recollir un total de 6.747 suports d\u2019entre la ciutadania. Com aleshores, el consistori posa a disposici\u00f3 a trav\u00e9s de la plataforma de participaci\u00f3 ciutadana Decidim.Barcelona la informaci\u00f3 necess\u00e0ria perqu\u00e8 tothom que ho desitgi pugui informar-se de qui s\u00f3n les persones candidates, quines entitats les han proposades, aix\u00ed com con\u00e8ixer el seu curr\u00edculum vitae. A m\u00e9s, tal com va tenir lloc fa cinc anys, la previsi\u00f3 \u00e9s poder celebrar un debat p\u00fablic entre els vuit candidats i candidates, amb la col\u00b7laboraci\u00f3 de la televisi\u00f3 p\u00fablica de Barcelona Betev\u00e9.<\/p>\n\n\n\n<p><strong>Per participar en el proc\u00e9s i donar suport a una candidatura cal estar empadronat a Barcelona i registrar-se al web&nbsp;<a href=\"https:\/\/www.decidim.barcelona\/\">Decidim.Barcelona<\/a>.<\/strong> Alhora, s\u2019habilitar\u00e0 un formulari perqu\u00e8 tamb\u00e9 les entitats registrades al&nbsp;Fitxer General d\u2019Entitats Ciutadanes&nbsp;municipal puguin expressar i registrar el suport a una candidatura.<\/p>\n\n\n\n<p>Comen\u00e7a la fase de suport ciutad\u00e0 a les <a href=\"https:\/\/www.sindicaturabarcelona.cat\/2021\/03\/25\/vuit-candidatures-presentades-per-a-leleccio-de-la-nova-sindica-o-el-nou-sindic-de-barcelona\/\" target=\"_blank\" rel=\"noreferrer noopener\">candidatures a la Sindicatura de Greuges de Barcelona<\/a>, que acabar\u00e0 a l&#8217;estiu amb un candidat o candidata que substituir\u00e0 a Maria Assumpci\u00f3 Vil\u00e0, la s\u00edndica de greuges de la ciutat entre els anys 2011 i 2021.<\/p>\n","protected":false},"excerpt":{"rendered":"<p>Barcelona, 19 d\u2019abril del 2021 &#8211; A partir d\u2019aquest dilluns 19 d\u2019abril comen\u00e7a la fase de suport ciutad\u00e0 a les candidatures a la Sindicatura de Greuges de Barcelona. El proc\u00e9s [&hellip;]<\/p>\n","protected":false},"author":2,"featured_media":12347,"comment_status":"closed","ping_status":"open","sticky":false,"template":"","format":"standard","meta":{"_acf_changed":false,"footnotes":""},"tags":[1108,1110,1109,1111,1107],"drets":[],"class_list":["post-12344","post","type-post","status-publish","format-standard","has-post-thumbnail","hentry","tag-eleccio-sindic","tag-eleccio-sindic-barcelona","tag-eleccio-sindica","tag-eleccio-sindica-barcelona","tag-sindica-greuges-barcelona"],"acf":[],"yoast_head":"<!-- This site is optimized with the Yoast SEO plugin v27.5 - https:\/\/yoast.com\/product\/yoast-seo-wordpress\/ -->\n<title>Comen\u00e7a la fase de suport ciutad\u00e0 a les candidatures a la Sindicatura de Greuges de Barcelona<\/title>\n<meta name=\"description\" content=\"A partir d\u2019aquest dilluns 19 d\u2019abril comen\u00e7a la fase de suport ciutad\u00e0 a les candidatures a la Sindicatura de Greuges de Barcelona.\" \/>\n<meta name=\"robots\" content=\"index, follow, max-snippet:-1, max-image-preview:large, max-video-preview:-1\" \/>\n<link rel=\"canonical\" href=\"https:\/\/www.sindicaturabarcelona.cat\/ca\/comenca-la-fase-de-suport-ciutada-a-les-candidatures-a-la-sindicatura-de-greuges-de-barcelona\/\" \/>\n<meta property=\"og:locale\" content=\"ca_ES\" \/>\n<meta property=\"og:type\" content=\"article\" \/>\n<meta property=\"og:title\" content=\"Comen\u00e7a la fase de suport ciutad\u00e0 a les candidatures a la Sindicatura de Greuges de Barcelona\" \/>\n<meta property=\"og:description\" content=\"A partir d\u2019aquest dilluns 19 d\u2019abril comen\u00e7a la fase de suport ciutad\u00e0 a les candidatures a la Sindicatura de Greuges de Barcelona.\" \/>\n<meta property=\"og:url\" content=\"https:\/\/www.sindicaturabarcelona.cat\/ca\/comenca-la-fase-de-suport-ciutada-a-les-candidatures-a-la-sindicatura-de-greuges-de-barcelona\/\" \/>\n<meta property=\"og:site_name\" content=\"Sindicatura de Greuges de Barcelona\" \/>\n<meta property=\"article:published_time\" content=\"2021-04-19T08:13:58+00:00\" \/>\n<meta property=\"article:modified_time\" content=\"2021-04-19T08:17:11+00:00\" \/>\n<meta property=\"og:image\" content=\"https:\/\/www.sindicaturabarcelona.cat\/wp-content\/uploads\/2021\/04\/candidatures.jpeg\" \/>\n\t<meta property=\"og:image:width\" content=\"1536\" \/>\n\t<meta property=\"og:image:height\" content=\"873\" \/>\n\t<meta property=\"og:image:type\" content=\"image\/jpeg\" \/>\n<meta name=\"author\" content=\"Pablo\" \/>\n<meta name=\"twitter:card\" content=\"summary_large_image\" \/>\n<meta name=\"twitter:creator\" content=\"@sindicbarcelona\" \/>\n<meta name=\"twitter:site\" content=\"@sindicbarcelona\" \/>\n<meta name=\"twitter:label1\" content=\"Escrit per\" \/>\n\t<meta name=\"twitter:data1\" content=\"Pablo\" \/>\n\t<meta name=\"twitter:label2\" content=\"Temps estimat de lectura\" \/>\n\t<meta name=\"twitter:data2\" content=\"1 minut\" \/>\n<script type=\"application\/ld+json\" class=\"yoast-schema-graph\">{\"@context\":\"https:\\\/\\\/schema.org\",\"@graph\":[{\"@type\":\"Article\",\"@id\":\"https:\\\/\\\/www.sindicaturabarcelona.cat\\\/ca\\\/comenca-la-fase-de-suport-ciutada-a-les-candidatures-a-la-sindicatura-de-greuges-de-barcelona\\\/#article\",\"isPartOf\":{\"@id\":\"https:\\\/\\\/www.sindicaturabarcelona.cat\\\/ca\\\/comenca-la-fase-de-suport-ciutada-a-les-candidatures-a-la-sindicatura-de-greuges-de-barcelona\\\/\"},\"author\":{\"name\":\"Pablo\",\"@id\":\"https:\\\/\\\/www.sindicaturabarcelona.cat\\\/ca\\\/#\\\/schema\\\/person\\\/0e5acffc350ffdbc97578159322c9452\"},\"headline\":\"Comen\u00e7a la fase de suport ciutad\u00e0 a les candidatures a la Sindicatura de Greuges de Barcelona\",\"datePublished\":\"2021-04-19T08:13:58+00:00\",\"dateModified\":\"2021-04-19T08:17:11+00:00\",\"mainEntityOfPage\":{\"@id\":\"https:\\\/\\\/www.sindicaturabarcelona.cat\\\/ca\\\/comenca-la-fase-de-suport-ciutada-a-les-candidatures-a-la-sindicatura-de-greuges-de-barcelona\\\/\"},\"wordCount\":301,\"publisher\":{\"@id\":\"https:\\\/\\\/www.sindicaturabarcelona.cat\\\/ca\\\/#organization\"},\"image\":{\"@id\":\"https:\\\/\\\/www.sindicaturabarcelona.cat\\\/ca\\\/comenca-la-fase-de-suport-ciutada-a-les-candidatures-a-la-sindicatura-de-greuges-de-barcelona\\\/#primaryimage\"},\"thumbnailUrl\":\"https:\\\/\\\/www.sindicaturabarcelona.cat\\\/wp-content\\\/uploads\\\/2021\\\/04\\\/candidatures.jpeg\",\"keywords\":[\"eleccio sindic\",\"eleccio sindic barcelona\",\"eleccio sindica\",\"eleccio sindica barcelona\",\"sindica greuges barcelona\"],\"articleSection\":[\"Uncategorized @ca\"],\"inLanguage\":\"ca\"},{\"@type\":\"WebPage\",\"@id\":\"https:\\\/\\\/www.sindicaturabarcelona.cat\\\/ca\\\/comenca-la-fase-de-suport-ciutada-a-les-candidatures-a-la-sindicatura-de-greuges-de-barcelona\\\/\",\"url\":\"https:\\\/\\\/www.sindicaturabarcelona.cat\\\/ca\\\/comenca-la-fase-de-suport-ciutada-a-les-candidatures-a-la-sindicatura-de-greuges-de-barcelona\\\/\",\"name\":\"Comen\u00e7a la fase de suport ciutad\u00e0 a les candidatures a la Sindicatura de Greuges de Barcelona\",\"isPartOf\":{\"@id\":\"https:\\\/\\\/www.sindicaturabarcelona.cat\\\/ca\\\/#website\"},\"primaryImageOfPage\":{\"@id\":\"https:\\\/\\\/www.sindicaturabarcelona.cat\\\/ca\\\/comenca-la-fase-de-suport-ciutada-a-les-candidatures-a-la-sindicatura-de-greuges-de-barcelona\\\/#primaryimage\"},\"image\":{\"@id\":\"https:\\\/\\\/www.sindicaturabarcelona.cat\\\/ca\\\/comenca-la-fase-de-suport-ciutada-a-les-candidatures-a-la-sindicatura-de-greuges-de-barcelona\\\/#primaryimage\"},\"thumbnailUrl\":\"https:\\\/\\\/www.sindicaturabarcelona.cat\\\/wp-content\\\/uploads\\\/2021\\\/04\\\/candidatures.jpeg\",\"datePublished\":\"2021-04-19T08:13:58+00:00\",\"dateModified\":\"2021-04-19T08:17:11+00:00\",\"description\":\"A partir d\u2019aquest dilluns 19 d\u2019abril comen\u00e7a la fase de suport ciutad\u00e0 a les candidatures a la Sindicatura de Greuges de Barcelona.\",\"breadcrumb\":{\"@id\":\"https:\\\/\\\/www.sindicaturabarcelona.cat\\\/ca\\\/comenca-la-fase-de-suport-ciutada-a-les-candidatures-a-la-sindicatura-de-greuges-de-barcelona\\\/#breadcrumb\"},\"inLanguage\":\"ca\",\"potentialAction\":[{\"@type\":\"ReadAction\",\"target\":[\"https:\\\/\\\/www.sindicaturabarcelona.cat\\\/ca\\\/comenca-la-fase-de-suport-ciutada-a-les-candidatures-a-la-sindicatura-de-greuges-de-barcelona\\\/\"]}]},{\"@type\":\"ImageObject\",\"inLanguage\":\"ca\",\"@id\":\"https:\\\/\\\/www.sindicaturabarcelona.cat\\\/ca\\\/comenca-la-fase-de-suport-ciutada-a-les-candidatures-a-la-sindicatura-de-greuges-de-barcelona\\\/#primaryimage\",\"url\":\"https:\\\/\\\/www.sindicaturabarcelona.cat\\\/wp-content\\\/uploads\\\/2021\\\/04\\\/candidatures.jpeg\",\"contentUrl\":\"https:\\\/\\\/www.sindicaturabarcelona.cat\\\/wp-content\\\/uploads\\\/2021\\\/04\\\/candidatures.jpeg\",\"width\":1536,\"height\":873,\"caption\":\"Las ocho personas candidatas a s\u00edndic o s\u00edndica de Barcelona.\"},{\"@type\":\"BreadcrumbList\",\"@id\":\"https:\\\/\\\/www.sindicaturabarcelona.cat\\\/ca\\\/comenca-la-fase-de-suport-ciutada-a-les-candidatures-a-la-sindicatura-de-greuges-de-barcelona\\\/#breadcrumb\",\"itemListElement\":[{\"@type\":\"ListItem\",\"position\":1,\"name\":\"Inici\",\"item\":\"https:\\\/\\\/www.sindicaturabarcelona.cat\\\/ca\\\/\"},{\"@type\":\"ListItem\",\"position\":2,\"name\":\"Comen\u00e7a la fase de suport ciutad\u00e0 a les candidatures a la Sindicatura de Greuges de Barcelona\"}]},{\"@type\":\"WebSite\",\"@id\":\"https:\\\/\\\/www.sindicaturabarcelona.cat\\\/ca\\\/#website\",\"url\":\"https:\\\/\\\/www.sindicaturabarcelona.cat\\\/ca\\\/\",\"name\":\"Sindicatura de Greuges de Barcelona\",\"description\":\"La defensoria dels teus drets\",\"publisher\":{\"@id\":\"https:\\\/\\\/www.sindicaturabarcelona.cat\\\/ca\\\/#organization\"},\"potentialAction\":[{\"@type\":\"SearchAction\",\"target\":{\"@type\":\"EntryPoint\",\"urlTemplate\":\"https:\\\/\\\/www.sindicaturabarcelona.cat\\\/ca\\\/?s={search_term_string}\"},\"query-input\":{\"@type\":\"PropertyValueSpecification\",\"valueRequired\":true,\"valueName\":\"search_term_string\"}}],\"inLanguage\":\"ca\"},{\"@type\":\"Organization\",\"@id\":\"https:\\\/\\\/www.sindicaturabarcelona.cat\\\/ca\\\/#organization\",\"name\":\"Sindicatura de Greuges de Barcelona\",\"url\":\"https:\\\/\\\/www.sindicaturabarcelona.cat\\\/ca\\\/\",\"logo\":{\"@type\":\"ImageObject\",\"inLanguage\":\"ca\",\"@id\":\"https:\\\/\\\/www.sindicaturabarcelona.cat\\\/ca\\\/#\\\/schema\\\/logo\\\/image\\\/\",\"url\":\"https:\\\/\\\/www.sindicaturabarcelona.cat\\\/wp-content\\\/uploads\\\/2023\\\/02\\\/logo_sindicatura.svg\",\"contentUrl\":\"https:\\\/\\\/www.sindicaturabarcelona.cat\\\/wp-content\\\/uploads\\\/2023\\\/02\\\/logo_sindicatura.svg\",\"caption\":\"Sindicatura de Greuges de Barcelona\"},\"image\":{\"@id\":\"https:\\\/\\\/www.sindicaturabarcelona.cat\\\/ca\\\/#\\\/schema\\\/logo\\\/image\\\/\"},\"sameAs\":[\"https:\\\/\\\/x.com\\\/sindicbarcelona\",\"https:\\\/\\\/www.instagram.com\\\/sindicbarcelona\\\/\",\"https:\\\/\\\/www.tiktok.com\\\/@sindicaturabcn\",\"https:\\\/\\\/t.me\\\/sindicaturabarcelona\"]},{\"@type\":\"Person\",\"@id\":\"https:\\\/\\\/www.sindicaturabarcelona.cat\\\/ca\\\/#\\\/schema\\\/person\\\/0e5acffc350ffdbc97578159322c9452\",\"name\":\"Pablo\",\"image\":{\"@type\":\"ImageObject\",\"inLanguage\":\"ca\",\"@id\":\"https:\\\/\\\/secure.gravatar.com\\\/avatar\\\/c948169b402ef9492afde705c3dfd5e90e1a6a84ef6840a91124f805a25a480f?s=96&d=mm&r=g\",\"url\":\"https:\\\/\\\/secure.gravatar.com\\\/avatar\\\/c948169b402ef9492afde705c3dfd5e90e1a6a84ef6840a91124f805a25a480f?s=96&d=mm&r=g\",\"contentUrl\":\"https:\\\/\\\/secure.gravatar.com\\\/avatar\\\/c948169b402ef9492afde705c3dfd5e90e1a6a84ef6840a91124f805a25a480f?s=96&d=mm&r=g\",\"caption\":\"Pablo\"},\"url\":\"https:\\\/\\\/www.sindicaturabarcelona.cat\\\/ca\\\/author\\\/pablo\\\/\"}]}<\/script>\n<!-- \/ Yoast SEO plugin. -->","yoast_head_json":{"title":"Comen\u00e7a la fase de suport ciutad\u00e0 a les candidatures a la Sindicatura de Greuges de Barcelona","description":"A partir d\u2019aquest dilluns 19 d\u2019abril comen\u00e7a la fase de suport ciutad\u00e0 a les candidatures a la Sindicatura de Greuges de Barcelona.","robots":{"index":"index","follow":"follow","max-snippet":"max-snippet:-1","max-image-preview":"max-image-preview:large","max-video-preview":"max-video-preview:-1"},"canonical":"https:\/\/www.sindicaturabarcelona.cat\/ca\/comenca-la-fase-de-suport-ciutada-a-les-candidatures-a-la-sindicatura-de-greuges-de-barcelona\/","og_locale":"ca_ES","og_type":"article","og_title":"Comen\u00e7a la fase de suport ciutad\u00e0 a les candidatures a la Sindicatura de Greuges de Barcelona","og_description":"A partir d\u2019aquest dilluns 19 d\u2019abril comen\u00e7a la fase de suport ciutad\u00e0 a les candidatures a la Sindicatura de Greuges de Barcelona.","og_url":"https:\/\/www.sindicaturabarcelona.cat\/ca\/comenca-la-fase-de-suport-ciutada-a-les-candidatures-a-la-sindicatura-de-greuges-de-barcelona\/","og_site_name":"Sindicatura de Greuges de Barcelona","article_published_time":"2021-04-19T08:13:58+00:00","article_modified_time":"2021-04-19T08:17:11+00:00","og_image":[{"width":1536,"height":873,"url":"https:\/\/www.sindicaturabarcelona.cat\/wp-content\/uploads\/2021\/04\/candidatures.jpeg","type":"image\/jpeg"}],"author":"Pablo","twitter_card":"summary_large_image","twitter_creator":"@sindicbarcelona","twitter_site":"@sindicbarcelona","twitter_misc":{"Escrit per":"Pablo","Temps estimat de lectura":"1 minut"},"schema":{"@context":"https:\/\/schema.org","@graph":[{"@type":"Article","@id":"https:\/\/www.sindicaturabarcelona.cat\/ca\/comenca-la-fase-de-suport-ciutada-a-les-candidatures-a-la-sindicatura-de-greuges-de-barcelona\/#article","isPartOf":{"@id":"https:\/\/www.sindicaturabarcelona.cat\/ca\/comenca-la-fase-de-suport-ciutada-a-les-candidatures-a-la-sindicatura-de-greuges-de-barcelona\/"},"author":{"name":"Pablo","@id":"https:\/\/www.sindicaturabarcelona.cat\/ca\/#\/schema\/person\/0e5acffc350ffdbc97578159322c9452"},"headline":"Comen\u00e7a la fase de suport ciutad\u00e0 a les candidatures a la Sindicatura de Greuges de Barcelona","datePublished":"2021-04-19T08:13:58+00:00","dateModified":"2021-04-19T08:17:11+00:00","mainEntityOfPage":{"@id":"https:\/\/www.sindicaturabarcelona.cat\/ca\/comenca-la-fase-de-suport-ciutada-a-les-candidatures-a-la-sindicatura-de-greuges-de-barcelona\/"},"wordCount":301,"publisher":{"@id":"https:\/\/www.sindicaturabarcelona.cat\/ca\/#organization"},"image":{"@id":"https:\/\/www.sindicaturabarcelona.cat\/ca\/comenca-la-fase-de-suport-ciutada-a-les-candidatures-a-la-sindicatura-de-greuges-de-barcelona\/#primaryimage"},"thumbnailUrl":"https:\/\/www.sindicaturabarcelona.cat\/wp-content\/uploads\/2021\/04\/candidatures.jpeg","keywords":["eleccio sindic","eleccio sindic barcelona","eleccio sindica","eleccio sindica barcelona","sindica greuges barcelona"],"articleSection":["Uncategorized @ca"],"inLanguage":"ca"},{"@type":"WebPage","@id":"https:\/\/www.sindicaturabarcelona.cat\/ca\/comenca-la-fase-de-suport-ciutada-a-les-candidatures-a-la-sindicatura-de-greuges-de-barcelona\/","url":"https:\/\/www.sindicaturabarcelona.cat\/ca\/comenca-la-fase-de-suport-ciutada-a-les-candidatures-a-la-sindicatura-de-greuges-de-barcelona\/","name":"Comen\u00e7a la fase de suport ciutad\u00e0 a les candidatures a la Sindicatura de Greuges de Barcelona","isPartOf":{"@id":"https:\/\/www.sindicaturabarcelona.cat\/ca\/#website"},"primaryImageOfPage":{"@id":"https:\/\/www.sindicaturabarcelona.cat\/ca\/comenca-la-fase-de-suport-ciutada-a-les-candidatures-a-la-sindicatura-de-greuges-de-barcelona\/#primaryimage"},"image":{"@id":"https:\/\/www.sindicaturabarcelona.cat\/ca\/comenca-la-fase-de-suport-ciutada-a-les-candidatures-a-la-sindicatura-de-greuges-de-barcelona\/#primaryimage"},"thumbnailUrl":"https:\/\/www.sindicaturabarcelona.cat\/wp-content\/uploads\/2021\/04\/candidatures.jpeg","datePublished":"2021-04-19T08:13:58+00:00","dateModified":"2021-04-19T08:17:11+00:00","description":"A partir d\u2019aquest dilluns 19 d\u2019abril comen\u00e7a la fase de suport ciutad\u00e0 a les candidatures a la Sindicatura de Greuges de Barcelona.","breadcrumb":{"@id":"https:\/\/www.sindicaturabarcelona.cat\/ca\/comenca-la-fase-de-suport-ciutada-a-les-candidatures-a-la-sindicatura-de-greuges-de-barcelona\/#breadcrumb"},"inLanguage":"ca","potentialAction":[{"@type":"ReadAction","target":["https:\/\/www.sindicaturabarcelona.cat\/ca\/comenca-la-fase-de-suport-ciutada-a-les-candidatures-a-la-sindicatura-de-greuges-de-barcelona\/"]}]},{"@type":"ImageObject","inLanguage":"ca","@id":"https:\/\/www.sindicaturabarcelona.cat\/ca\/comenca-la-fase-de-suport-ciutada-a-les-candidatures-a-la-sindicatura-de-greuges-de-barcelona\/#primaryimage","url":"https:\/\/www.sindicaturabarcelona.cat\/wp-content\/uploads\/2021\/04\/candidatures.jpeg","contentUrl":"https:\/\/www.sindicaturabarcelona.cat\/wp-content\/uploads\/2021\/04\/candidatures.jpeg","width":1536,"height":873,"caption":"Las ocho personas candidatas a s\u00edndic o s\u00edndica de Barcelona."},{"@type":"BreadcrumbList","@id":"https:\/\/www.sindicaturabarcelona.cat\/ca\/comenca-la-fase-de-suport-ciutada-a-les-candidatures-a-la-sindicatura-de-greuges-de-barcelona\/#breadcrumb","itemListElement":[{"@type":"ListItem","position":1,"name":"Inici","item":"https:\/\/www.sindicaturabarcelona.cat\/ca\/"},{"@type":"ListItem","position":2,"name":"Comen\u00e7a la fase de suport ciutad\u00e0 a les candidatures a la Sindicatura de Greuges de Barcelona"}]},{"@type":"WebSite","@id":"https:\/\/www.sindicaturabarcelona.cat\/ca\/#website","url":"https:\/\/www.sindicaturabarcelona.cat\/ca\/","name":"Sindicatura de Greuges de Barcelona","description":"La defensoria dels teus drets","publisher":{"@id":"https:\/\/www.sindicaturabarcelona.cat\/ca\/#organization"},"potentialAction":[{"@type":"SearchAction","target":{"@type":"EntryPoint","urlTemplate":"https:\/\/www.sindicaturabarcelona.cat\/ca\/?s={search_term_string}"},"query-input":{"@type":"PropertyValueSpecification","valueRequired":true,"valueName":"search_term_string"}}],"inLanguage":"ca"},{"@type":"Organization","@id":"https:\/\/www.sindicaturabarcelona.cat\/ca\/#organization","name":"Sindicatura de Greuges de Barcelona","url":"https:\/\/www.sindicaturabarcelona.cat\/ca\/","logo":{"@type":"ImageObject","inLanguage":"ca","@id":"https:\/\/www.sindicaturabarcelona.cat\/ca\/#\/schema\/logo\/image\/","url":"https:\/\/www.sindicaturabarcelona.cat\/wp-content\/uploads\/2023\/02\/logo_sindicatura.svg","contentUrl":"https:\/\/www.sindicaturabarcelona.cat\/wp-content\/uploads\/2023\/02\/logo_sindicatura.svg","caption":"Sindicatura de Greuges de Barcelona"},"image":{"@id":"https:\/\/www.sindicaturabarcelona.cat\/ca\/#\/schema\/logo\/image\/"},"sameAs":["https:\/\/x.com\/sindicbarcelona","https:\/\/www.instagram.com\/sindicbarcelona\/","https:\/\/www.tiktok.com\/@sindicaturabcn","https:\/\/t.me\/sindicaturabarcelona"]},{"@type":"Person","@id":"https:\/\/www.sindicaturabarcelona.cat\/ca\/#\/schema\/person\/0e5acffc350ffdbc97578159322c9452","name":"Pablo","image":{"@type":"ImageObject","inLanguage":"ca","@id":"https:\/\/secure.gravatar.com\/avatar\/c948169b402ef9492afde705c3dfd5e90e1a6a84ef6840a91124f805a25a480f?s=96&d=mm&r=g","url":"https:\/\/secure.gravatar.com\/avatar\/c948169b402ef9492afde705c3dfd5e90e1a6a84ef6840a91124f805a25a480f?s=96&d=mm&r=g","contentUrl":"https:\/\/secure.gravatar.com\/avatar\/c948169b402ef9492afde705c3dfd5e90e1a6a84ef6840a91124f805a25a480f?s=96&d=mm&r=g","caption":"Pablo"},"url":"https:\/\/www.sindicaturabarcelona.cat\/ca\/author\/pablo\/"}]}},"_links":{"self":[{"href":"https:\/\/www.sindicaturabarcelona.cat\/ca\/wp-json\/wp\/v2\/posts\/12344","targetHints":{"allow":["GET"]}}],"collection":[{"href":"https:\/\/www.sindicaturabarcelona.cat\/ca\/wp-json\/wp\/v2\/posts"}],"about":[{"href":"https:\/\/www.sindicaturabarcelona.cat\/ca\/wp-json\/wp\/v2\/types\/post"}],"author":[{"embeddable":true,"href":"https:\/\/www.sindicaturabarcelona.cat\/ca\/wp-json\/wp\/v2\/users\/2"}],"replies":[{"embeddable":true,"href":"https:\/\/www.sindicaturabarcelona.cat\/ca\/wp-json\/wp\/v2\/comments?post=12344"}],"version-history":[{"count":0,"href":"https:\/\/www.sindicaturabarcelona.cat\/ca\/wp-json\/wp\/v2\/posts\/12344\/revisions"}],"wp:featuredmedia":[{"embeddable":true,"href":"https:\/\/www.sindicaturabarcelona.cat\/ca\/wp-json\/wp\/v2\/media\/12347"}],"wp:attachment":[{"href":"https:\/\/www.sindicaturabarcelona.cat\/ca\/wp-json\/wp\/v2\/media?parent=12344"}],"wp:term":[{"taxonomy":"post_tag","embeddable":true,"href":"https:\/\/www.sindicaturabarcelona.cat\/ca\/wp-json\/wp\/v2\/tags?post=12344"},{"taxonomy":"drets","embeddable":true,"href":"https:\/\/www.sindicaturabarcelona.cat\/ca\/wp-json\/wp\/v2\/drets?post=12344"}],"curies":[{"name":"wp","href":"https:\/\/api.w.org\/{rel}","templated":true}]}}