{"id":12220,"date":"2021-04-09T12:07:33","date_gmt":"2021-04-09T10:07:33","guid":{"rendered":"https:\/\/www.sindicabarcelona.cat\/?p=12220"},"modified":"2021-04-09T12:07:34","modified_gmt":"2021-04-09T10:07:34","slug":"empadronament-de-persones-sense-domicili-fix","status":"publish","type":"post","link":"https:\/\/www.sindicaturabarcelona.cat\/ca\/empadronament-de-persones-sense-domicili-fix\/","title":{"rendered":"L\u2019empadronament de persones sense domicili fix que viuen a la ciutat"},"content":{"rendered":"\n<p>L\u2019any 2020 la Sindicatura va tenir coneixement de retards en la tramitaci\u00f3 de l\u2019Informe de Coneixement de Resid\u00e8ncia (ICR), <strong>elaborat per l\u2019\u00c0rea de Serveis Socials<\/strong>, i preceptiu per l&#8217;empadronament de les persones sense domicili fix en el municipi. Una vegada es disposa de l\u2019ICR, la persona interessada disposa del termini d\u2019un mes per poder-se empadronar.<\/p>\n\n\n\n<h3 class=\"wp-block-heading\">Un problema en qu\u00e8 la Sindicatura fa temps que insisteix<\/h3>\n\n\n\n<p>Alguns ciutadans van dirigir-se a la instituci\u00f3 de la s\u00edndica manifestant retard en l\u2019emissi\u00f3 del referit informe. En un dels casos havien transcorregut vuit mesos des que s\u2019hi havia sol\u00b7licitat formalment, sense haver obtingut cap mena de resposta municipal. Consultat l\u2019\u00f2rgan municipal sobre el retard d\u2019aquestes sol\u00b7licituds, van atribuir-ho a la situaci\u00f3 d\u2019emerg\u00e8ncia sanit\u00e0ria derivada de la Covid-19 i a la declaraci\u00f3 de l\u2019estat d\u2019alarma, i informaven que s\u2019estaven posant al dia en aquest tr\u00e0mit.<\/p>\n\n\n\n<p><strong>No obstant aix\u00f2, la s\u00edndica recorda que l\u2019any anterior a la pand\u00e8mia, ja es va tractar un cas similar en qu\u00e8 el ciutad\u00e0 va obtenir l\u2019ICR transcorreguts 7 mesos des de la seva petici\u00f3.<\/strong> La manca de resposta municipal a les peticions d\u2019alta en el Padr\u00f3 constitueixen un sup\u00f2sit de silenci administratiu \u201cpositiu\u201d i, per tant, si en el termini de tres mesos el registre no s\u2019ha fet efectiu, el ciutad\u00e0 podr\u00e0 sol\u00b7licitar una certificaci\u00f3 del sentit del silenci, que donar\u00e0 lloc a un acte administratiu de presumpta inscripci\u00f3.<\/p>\n\n\n\n<p>Ara b\u00e9, <strong>aix\u00f2 no eximeix de l\u2019obligaci\u00f3 jur\u00eddica que t\u00e9 l\u2019Ajuntament de resoldre dins del termini legalment establert<\/strong>. No podem oblidar que el dret subjectiu a <strong>l\u2019empadronament est\u00e0 directament vinculat a l\u2019exercici d\u2019altres drets fonamentals, com el de l\u2019acc\u00e9s a la sanitat p\u00fablica o a l\u2019educaci\u00f3<\/strong>. A m\u00e9s, quan es tracta d\u2019una persona estrangera que sol\u00b7licita l\u2019empadronament, com \u00e9s el cas objecte de l\u2019estudi de la s\u00edndica, l\u2019alta padronal tindr\u00e0 una afectaci\u00f3 directa en els tr\u00e0mits d\u2019estrangeria dirigits a regularitzar la seva situaci\u00f3 en el pa\u00eds.<\/p>\n\n\n\n<p>Les Instruccions t\u00e8cniques per als ajuntaments sobre la gesti\u00f3 del Padr\u00f3 Municipal descrites en la Resoluci\u00f3 del 17 de febrer de 2020, de la Presid\u00e8ncia de l\u2019Institut Nacional d\u2019Estad\u00edstica i de la Direcci\u00f3 General de Cooperaci\u00f3 Auton\u00f2mica i Local, estableixen que: \u201c(&#8230;) el Padr\u00f3 ha de reflectir el domicili on realment viu cada ve\u00ed del municipi [&#8230;] La correcta aplicaci\u00f3 d&#8217;aquest criteri determina, d&#8217;una banda, que s&#8217;hagi d\u2019acceptar com a domicili qualsevol direcci\u00f3 on efectivament visquin els ve\u00efns, i, d&#8217;altra, que pugui i hagi de rec\u00f3rrer a un \u00abdomicili fictici\u00bb en els sup\u00f2sits en qu\u00e8 una persona que no t\u00e9 sostre resideixi habitualment en el municipi i sigui coneguda dels Serveis Socials corresponents\u201d.<\/p>\n\n\n\n<p><strong>L\u2019empadronament sense domicili fix \u00e9s un dret de les persones que alguns Ajuntaments es neguen a recon\u00e8ixer i posa de manifest una realitat que no s\u2019ha de perdre de vista. Els Ajuntaments tenen l\u2019obligaci\u00f3 jur\u00eddica d\u2019inscriure en el Padr\u00f3 Municipal totes les persones que resideixin efectivament al municipi, amb independ\u00e8ncia de la situaci\u00f3 en qu\u00e8 visquin<\/strong>, ja que l\u2019esmentada resoluci\u00f3 preveu mecanismes per empadronar persones que no tenen una llar, despr\u00e9s d\u2019elaborar el corresponent ICR.<\/p>\n\n\n\n<p><strong>La Sindicatura coneix la situaci\u00f3 que afecta molts municipis de l\u2019\u00c0rea Metropolitana que no practiquen l&#8217;empadronament de persones sense domicli fix, i que empeny moltes persones en situaci\u00f3 vulnerable a demanar la inscripci\u00f3 a la nostra ciutat.<\/strong> <a href=\"https:\/\/www.barcelona.cat\/ca\/\" target=\"_blank\" rel=\"noreferrer noopener\">De fet, a Barcelona, l\u2019any 2019, es van dur a terme m\u00e9s de 12.000 altes de persones sense domicili fix<\/a>. Ens consta que l\u2019Ajuntament s\u2019ha dirigit als referits municipis per posar de manifest aquesta situaci\u00f3, i tamb\u00e9 s\u2019ha dirigit a les entitats del tercer sector per informar-les sobre els drets i els procediments legals per empadronar les persones que hi resideixen sense un domicili fix.<\/p>\n\n\n\n<p>La instituci\u00f3 de la s\u00edndica valora molt favorablement aquesta pr\u00e0ctica municipal, que s\u2019adiu amb all\u00f2 que assenyala la <a href=\"https:\/\/www.sindicaturabarcelona.cat\/wp-content\/uploads\/2020\/11\/07.-Carta-Europea-de-Salvaguarda-dels-Drets-Humans-a-la-Ciutat.pdf\" target=\"_blank\" rel=\"noreferrer noopener\">Carta Europea de Salvaguarda dels Drets Humans a la Ciutat<\/a>, en el seu article IV, quan es refereix a la necessitat que els municipis signataris dugin a terme pol\u00edtiques actives espec\u00edfiques de protecci\u00f3 dels col\u00b7lectius m\u00e9s vulnerables. Tot i aix\u00f2, i en atenci\u00f3 al grau de vulnerabilitat de les persones que sol\u00b7liciten aquest procediment especial, la s\u00edndica recorda l\u2019obligaci\u00f3 de l\u2019Ajuntament d\u2019actuar amb la dilig\u00e8ncia deguda en la realitzaci\u00f3 d\u2019aquest tr\u00e0mit, per tal d\u2019ajustar-se al dret de la ciutadania a una bona administraci\u00f3, i que es tractin els seus assumptes de forma imparcial i equitativa, dins d\u2019un termini raonable.<\/p>\n","protected":false},"excerpt":{"rendered":"<p>L\u2019any 2020 la Sindicatura va tenir coneixement de retards en la tramitaci\u00f3 de l\u2019Informe de Coneixement de Resid\u00e8ncia (ICR), elaborat per l\u2019\u00c0rea de Serveis Socials, i preceptiu per l&#8217;empadronament de [&hellip;]<\/p>\n","protected":false},"author":2,"featured_media":12221,"comment_status":"closed","ping_status":"open","sticky":false,"template":"","format":"standard","meta":{"_acf_changed":false,"footnotes":""},"tags":[1096,1097,1105,1099,1098],"drets":[],"class_list":["post-12220","post","type-post","status-publish","format-standard","has-post-thumbnail","hentry","tag-empadronament","tag-padro","tag-padro-sense-domicili","tag-sense-domicili","tag-sense-domicili-fix"],"acf":[],"yoast_head":"<!-- This site is optimized with the Yoast SEO plugin v27.5 - https:\/\/yoast.com\/product\/yoast-seo-wordpress\/ -->\n<title>L\u2019empadronament de persones sense domicili fix que viuen a la ciutat<\/title>\n<meta name=\"description\" content=\"Alguns municipis de l&#039;\u00e0rea metropolitana no practiquen l&#039;empadronament de persones sense domicili fix, fet que empeny a demanar-ho a la nostra ciutat.\" \/>\n<meta name=\"robots\" content=\"index, follow, max-snippet:-1, max-image-preview:large, max-video-preview:-1\" \/>\n<link rel=\"canonical\" href=\"https:\/\/www.sindicaturabarcelona.cat\/ca\/empadronament-de-persones-sense-domicili-fix\/\" \/>\n<meta property=\"og:locale\" content=\"ca_ES\" \/>\n<meta property=\"og:type\" content=\"article\" \/>\n<meta property=\"og:title\" content=\"L\u2019empadronament de persones sense domicili fix que viuen a la ciutat\" \/>\n<meta property=\"og:description\" content=\"Alguns municipis de l&#039;\u00e0rea metropolitana no practiquen l&#039;empadronament de persones sense domicili fix, fet que empeny a demanar-ho a la nostra ciutat.\" \/>\n<meta property=\"og:url\" content=\"https:\/\/www.sindicaturabarcelona.cat\/ca\/empadronament-de-persones-sense-domicili-fix\/\" \/>\n<meta property=\"og:site_name\" content=\"Sindicatura de Greuges de Barcelona\" \/>\n<meta property=\"article:published_time\" content=\"2021-04-09T10:07:33+00:00\" \/>\n<meta property=\"article:modified_time\" content=\"2021-04-09T10:07:34+00:00\" \/>\n<meta property=\"og:image\" content=\"https:\/\/www.sindicaturabarcelona.cat\/wp-content\/uploads\/2021\/04\/18379_200406_P_BCNConfi_ElBorn_5.jpg\" \/>\n\t<meta property=\"og:image:width\" content=\"1536\" \/>\n\t<meta property=\"og:image:height\" content=\"1024\" \/>\n\t<meta property=\"og:image:type\" content=\"image\/jpeg\" \/>\n<meta name=\"author\" content=\"Pablo\" \/>\n<meta name=\"twitter:card\" content=\"summary_large_image\" \/>\n<meta name=\"twitter:creator\" content=\"@sindicbarcelona\" \/>\n<meta name=\"twitter:site\" content=\"@sindicbarcelona\" \/>\n<meta name=\"twitter:label1\" content=\"Escrit per\" \/>\n\t<meta name=\"twitter:data1\" content=\"Pablo\" \/>\n\t<meta name=\"twitter:label2\" content=\"Temps estimat de lectura\" \/>\n\t<meta name=\"twitter:data2\" content=\"4 minuts\" \/>\n<script type=\"application\/ld+json\" class=\"yoast-schema-graph\">{\"@context\":\"https:\\\/\\\/schema.org\",\"@graph\":[{\"@type\":\"Article\",\"@id\":\"https:\\\/\\\/www.sindicaturabarcelona.cat\\\/ca\\\/empadronament-de-persones-sense-domicili-fix\\\/#article\",\"isPartOf\":{\"@id\":\"https:\\\/\\\/www.sindicaturabarcelona.cat\\\/ca\\\/empadronament-de-persones-sense-domicili-fix\\\/\"},\"author\":{\"name\":\"Pablo\",\"@id\":\"https:\\\/\\\/www.sindicaturabarcelona.cat\\\/ca\\\/#\\\/schema\\\/person\\\/0e5acffc350ffdbc97578159322c9452\"},\"headline\":\"L\u2019empadronament de persones sense domicili fix que viuen a la ciutat\",\"datePublished\":\"2021-04-09T10:07:33+00:00\",\"dateModified\":\"2021-04-09T10:07:34+00:00\",\"mainEntityOfPage\":{\"@id\":\"https:\\\/\\\/www.sindicaturabarcelona.cat\\\/ca\\\/empadronament-de-persones-sense-domicili-fix\\\/\"},\"wordCount\":823,\"publisher\":{\"@id\":\"https:\\\/\\\/www.sindicaturabarcelona.cat\\\/ca\\\/#organization\"},\"image\":{\"@id\":\"https:\\\/\\\/www.sindicaturabarcelona.cat\\\/ca\\\/empadronament-de-persones-sense-domicili-fix\\\/#primaryimage\"},\"thumbnailUrl\":\"https:\\\/\\\/www.sindicaturabarcelona.cat\\\/wp-content\\\/uploads\\\/2021\\\/04\\\/18379_200406_P_BCNConfi_ElBorn_5.jpg\",\"keywords\":[\"empadronament\",\"padro\",\"padro sense domicili\",\"sense domicili\",\"sense domicili fix\"],\"inLanguage\":\"ca\"},{\"@type\":\"WebPage\",\"@id\":\"https:\\\/\\\/www.sindicaturabarcelona.cat\\\/ca\\\/empadronament-de-persones-sense-domicili-fix\\\/\",\"url\":\"https:\\\/\\\/www.sindicaturabarcelona.cat\\\/ca\\\/empadronament-de-persones-sense-domicili-fix\\\/\",\"name\":\"L\u2019empadronament de persones sense domicili fix que viuen a la ciutat\",\"isPartOf\":{\"@id\":\"https:\\\/\\\/www.sindicaturabarcelona.cat\\\/ca\\\/#website\"},\"primaryImageOfPage\":{\"@id\":\"https:\\\/\\\/www.sindicaturabarcelona.cat\\\/ca\\\/empadronament-de-persones-sense-domicili-fix\\\/#primaryimage\"},\"image\":{\"@id\":\"https:\\\/\\\/www.sindicaturabarcelona.cat\\\/ca\\\/empadronament-de-persones-sense-domicili-fix\\\/#primaryimage\"},\"thumbnailUrl\":\"https:\\\/\\\/www.sindicaturabarcelona.cat\\\/wp-content\\\/uploads\\\/2021\\\/04\\\/18379_200406_P_BCNConfi_ElBorn_5.jpg\",\"datePublished\":\"2021-04-09T10:07:33+00:00\",\"dateModified\":\"2021-04-09T10:07:34+00:00\",\"description\":\"Alguns municipis de l'\u00e0rea metropolitana no practiquen l'empadronament de persones sense domicili fix, fet que empeny a demanar-ho a la nostra ciutat.\",\"breadcrumb\":{\"@id\":\"https:\\\/\\\/www.sindicaturabarcelona.cat\\\/ca\\\/empadronament-de-persones-sense-domicili-fix\\\/#breadcrumb\"},\"inLanguage\":\"ca\",\"potentialAction\":[{\"@type\":\"ReadAction\",\"target\":[\"https:\\\/\\\/www.sindicaturabarcelona.cat\\\/ca\\\/empadronament-de-persones-sense-domicili-fix\\\/\"]}]},{\"@type\":\"ImageObject\",\"inLanguage\":\"ca\",\"@id\":\"https:\\\/\\\/www.sindicaturabarcelona.cat\\\/ca\\\/empadronament-de-persones-sense-domicili-fix\\\/#primaryimage\",\"url\":\"https:\\\/\\\/www.sindicaturabarcelona.cat\\\/wp-content\\\/uploads\\\/2021\\\/04\\\/18379_200406_P_BCNConfi_ElBorn_5.jpg\",\"contentUrl\":\"https:\\\/\\\/www.sindicaturabarcelona.cat\\\/wp-content\\\/uploads\\\/2021\\\/04\\\/18379_200406_P_BCNConfi_ElBorn_5.jpg\",\"width\":1536,\"height\":1024,\"caption\":\"Sensellarisme\"},{\"@type\":\"BreadcrumbList\",\"@id\":\"https:\\\/\\\/www.sindicaturabarcelona.cat\\\/ca\\\/empadronament-de-persones-sense-domicili-fix\\\/#breadcrumb\",\"itemListElement\":[{\"@type\":\"ListItem\",\"position\":1,\"name\":\"Inici\",\"item\":\"https:\\\/\\\/www.sindicaturabarcelona.cat\\\/ca\\\/\"},{\"@type\":\"ListItem\",\"position\":2,\"name\":\"L\u2019empadronament de persones sense domicili fix que viuen a la ciutat\"}]},{\"@type\":\"WebSite\",\"@id\":\"https:\\\/\\\/www.sindicaturabarcelona.cat\\\/ca\\\/#website\",\"url\":\"https:\\\/\\\/www.sindicaturabarcelona.cat\\\/ca\\\/\",\"name\":\"Sindicatura de Greuges de Barcelona\",\"description\":\"La defensoria dels teus drets\",\"publisher\":{\"@id\":\"https:\\\/\\\/www.sindicaturabarcelona.cat\\\/ca\\\/#organization\"},\"potentialAction\":[{\"@type\":\"SearchAction\",\"target\":{\"@type\":\"EntryPoint\",\"urlTemplate\":\"https:\\\/\\\/www.sindicaturabarcelona.cat\\\/ca\\\/?s={search_term_string}\"},\"query-input\":{\"@type\":\"PropertyValueSpecification\",\"valueRequired\":true,\"valueName\":\"search_term_string\"}}],\"inLanguage\":\"ca\"},{\"@type\":\"Organization\",\"@id\":\"https:\\\/\\\/www.sindicaturabarcelona.cat\\\/ca\\\/#organization\",\"name\":\"Sindicatura de Greuges de Barcelona\",\"url\":\"https:\\\/\\\/www.sindicaturabarcelona.cat\\\/ca\\\/\",\"logo\":{\"@type\":\"ImageObject\",\"inLanguage\":\"ca\",\"@id\":\"https:\\\/\\\/www.sindicaturabarcelona.cat\\\/ca\\\/#\\\/schema\\\/logo\\\/image\\\/\",\"url\":\"https:\\\/\\\/www.sindicaturabarcelona.cat\\\/wp-content\\\/uploads\\\/2023\\\/02\\\/logo_sindicatura.svg\",\"contentUrl\":\"https:\\\/\\\/www.sindicaturabarcelona.cat\\\/wp-content\\\/uploads\\\/2023\\\/02\\\/logo_sindicatura.svg\",\"caption\":\"Sindicatura de Greuges de Barcelona\"},\"image\":{\"@id\":\"https:\\\/\\\/www.sindicaturabarcelona.cat\\\/ca\\\/#\\\/schema\\\/logo\\\/image\\\/\"},\"sameAs\":[\"https:\\\/\\\/x.com\\\/sindicbarcelona\",\"https:\\\/\\\/www.instagram.com\\\/sindicbarcelona\\\/\",\"https:\\\/\\\/www.tiktok.com\\\/@sindicaturabcn\",\"https:\\\/\\\/t.me\\\/sindicaturabarcelona\"]},{\"@type\":\"Person\",\"@id\":\"https:\\\/\\\/www.sindicaturabarcelona.cat\\\/ca\\\/#\\\/schema\\\/person\\\/0e5acffc350ffdbc97578159322c9452\",\"name\":\"Pablo\",\"image\":{\"@type\":\"ImageObject\",\"inLanguage\":\"ca\",\"@id\":\"https:\\\/\\\/secure.gravatar.com\\\/avatar\\\/c948169b402ef9492afde705c3dfd5e90e1a6a84ef6840a91124f805a25a480f?s=96&d=mm&r=g\",\"url\":\"https:\\\/\\\/secure.gravatar.com\\\/avatar\\\/c948169b402ef9492afde705c3dfd5e90e1a6a84ef6840a91124f805a25a480f?s=96&d=mm&r=g\",\"contentUrl\":\"https:\\\/\\\/secure.gravatar.com\\\/avatar\\\/c948169b402ef9492afde705c3dfd5e90e1a6a84ef6840a91124f805a25a480f?s=96&d=mm&r=g\",\"caption\":\"Pablo\"},\"url\":\"https:\\\/\\\/www.sindicaturabarcelona.cat\\\/ca\\\/author\\\/pablo\\\/\"}]}<\/script>\n<!-- \/ Yoast SEO plugin. -->","yoast_head_json":{"title":"L\u2019empadronament de persones sense domicili fix que viuen a la ciutat","description":"Alguns municipis de l'\u00e0rea metropolitana no practiquen l'empadronament de persones sense domicili fix, fet que empeny a demanar-ho a la nostra ciutat.","robots":{"index":"index","follow":"follow","max-snippet":"max-snippet:-1","max-image-preview":"max-image-preview:large","max-video-preview":"max-video-preview:-1"},"canonical":"https:\/\/www.sindicaturabarcelona.cat\/ca\/empadronament-de-persones-sense-domicili-fix\/","og_locale":"ca_ES","og_type":"article","og_title":"L\u2019empadronament de persones sense domicili fix que viuen a la ciutat","og_description":"Alguns municipis de l'\u00e0rea metropolitana no practiquen l'empadronament de persones sense domicili fix, fet que empeny a demanar-ho a la nostra ciutat.","og_url":"https:\/\/www.sindicaturabarcelona.cat\/ca\/empadronament-de-persones-sense-domicili-fix\/","og_site_name":"Sindicatura de Greuges de Barcelona","article_published_time":"2021-04-09T10:07:33+00:00","article_modified_time":"2021-04-09T10:07:34+00:00","og_image":[{"width":1536,"height":1024,"url":"https:\/\/www.sindicaturabarcelona.cat\/wp-content\/uploads\/2021\/04\/18379_200406_P_BCNConfi_ElBorn_5.jpg","type":"image\/jpeg"}],"author":"Pablo","twitter_card":"summary_large_image","twitter_creator":"@sindicbarcelona","twitter_site":"@sindicbarcelona","twitter_misc":{"Escrit per":"Pablo","Temps estimat de lectura":"4 minuts"},"schema":{"@context":"https:\/\/schema.org","@graph":[{"@type":"Article","@id":"https:\/\/www.sindicaturabarcelona.cat\/ca\/empadronament-de-persones-sense-domicili-fix\/#article","isPartOf":{"@id":"https:\/\/www.sindicaturabarcelona.cat\/ca\/empadronament-de-persones-sense-domicili-fix\/"},"author":{"name":"Pablo","@id":"https:\/\/www.sindicaturabarcelona.cat\/ca\/#\/schema\/person\/0e5acffc350ffdbc97578159322c9452"},"headline":"L\u2019empadronament de persones sense domicili fix que viuen a la ciutat","datePublished":"2021-04-09T10:07:33+00:00","dateModified":"2021-04-09T10:07:34+00:00","mainEntityOfPage":{"@id":"https:\/\/www.sindicaturabarcelona.cat\/ca\/empadronament-de-persones-sense-domicili-fix\/"},"wordCount":823,"publisher":{"@id":"https:\/\/www.sindicaturabarcelona.cat\/ca\/#organization"},"image":{"@id":"https:\/\/www.sindicaturabarcelona.cat\/ca\/empadronament-de-persones-sense-domicili-fix\/#primaryimage"},"thumbnailUrl":"https:\/\/www.sindicaturabarcelona.cat\/wp-content\/uploads\/2021\/04\/18379_200406_P_BCNConfi_ElBorn_5.jpg","keywords":["empadronament","padro","padro sense domicili","sense domicili","sense domicili fix"],"inLanguage":"ca"},{"@type":"WebPage","@id":"https:\/\/www.sindicaturabarcelona.cat\/ca\/empadronament-de-persones-sense-domicili-fix\/","url":"https:\/\/www.sindicaturabarcelona.cat\/ca\/empadronament-de-persones-sense-domicili-fix\/","name":"L\u2019empadronament de persones sense domicili fix que viuen a la ciutat","isPartOf":{"@id":"https:\/\/www.sindicaturabarcelona.cat\/ca\/#website"},"primaryImageOfPage":{"@id":"https:\/\/www.sindicaturabarcelona.cat\/ca\/empadronament-de-persones-sense-domicili-fix\/#primaryimage"},"image":{"@id":"https:\/\/www.sindicaturabarcelona.cat\/ca\/empadronament-de-persones-sense-domicili-fix\/#primaryimage"},"thumbnailUrl":"https:\/\/www.sindicaturabarcelona.cat\/wp-content\/uploads\/2021\/04\/18379_200406_P_BCNConfi_ElBorn_5.jpg","datePublished":"2021-04-09T10:07:33+00:00","dateModified":"2021-04-09T10:07:34+00:00","description":"Alguns municipis de l'\u00e0rea metropolitana no practiquen l'empadronament de persones sense domicili fix, fet que empeny a demanar-ho a la nostra ciutat.","breadcrumb":{"@id":"https:\/\/www.sindicaturabarcelona.cat\/ca\/empadronament-de-persones-sense-domicili-fix\/#breadcrumb"},"inLanguage":"ca","potentialAction":[{"@type":"ReadAction","target":["https:\/\/www.sindicaturabarcelona.cat\/ca\/empadronament-de-persones-sense-domicili-fix\/"]}]},{"@type":"ImageObject","inLanguage":"ca","@id":"https:\/\/www.sindicaturabarcelona.cat\/ca\/empadronament-de-persones-sense-domicili-fix\/#primaryimage","url":"https:\/\/www.sindicaturabarcelona.cat\/wp-content\/uploads\/2021\/04\/18379_200406_P_BCNConfi_ElBorn_5.jpg","contentUrl":"https:\/\/www.sindicaturabarcelona.cat\/wp-content\/uploads\/2021\/04\/18379_200406_P_BCNConfi_ElBorn_5.jpg","width":1536,"height":1024,"caption":"Sensellarisme"},{"@type":"BreadcrumbList","@id":"https:\/\/www.sindicaturabarcelona.cat\/ca\/empadronament-de-persones-sense-domicili-fix\/#breadcrumb","itemListElement":[{"@type":"ListItem","position":1,"name":"Inici","item":"https:\/\/www.sindicaturabarcelona.cat\/ca\/"},{"@type":"ListItem","position":2,"name":"L\u2019empadronament de persones sense domicili fix que viuen a la ciutat"}]},{"@type":"WebSite","@id":"https:\/\/www.sindicaturabarcelona.cat\/ca\/#website","url":"https:\/\/www.sindicaturabarcelona.cat\/ca\/","name":"Sindicatura de Greuges de Barcelona","description":"La defensoria dels teus drets","publisher":{"@id":"https:\/\/www.sindicaturabarcelona.cat\/ca\/#organization"},"potentialAction":[{"@type":"SearchAction","target":{"@type":"EntryPoint","urlTemplate":"https:\/\/www.sindicaturabarcelona.cat\/ca\/?s={search_term_string}"},"query-input":{"@type":"PropertyValueSpecification","valueRequired":true,"valueName":"search_term_string"}}],"inLanguage":"ca"},{"@type":"Organization","@id":"https:\/\/www.sindicaturabarcelona.cat\/ca\/#organization","name":"Sindicatura de Greuges de Barcelona","url":"https:\/\/www.sindicaturabarcelona.cat\/ca\/","logo":{"@type":"ImageObject","inLanguage":"ca","@id":"https:\/\/www.sindicaturabarcelona.cat\/ca\/#\/schema\/logo\/image\/","url":"https:\/\/www.sindicaturabarcelona.cat\/wp-content\/uploads\/2023\/02\/logo_sindicatura.svg","contentUrl":"https:\/\/www.sindicaturabarcelona.cat\/wp-content\/uploads\/2023\/02\/logo_sindicatura.svg","caption":"Sindicatura de Greuges de Barcelona"},"image":{"@id":"https:\/\/www.sindicaturabarcelona.cat\/ca\/#\/schema\/logo\/image\/"},"sameAs":["https:\/\/x.com\/sindicbarcelona","https:\/\/www.instagram.com\/sindicbarcelona\/","https:\/\/www.tiktok.com\/@sindicaturabcn","https:\/\/t.me\/sindicaturabarcelona"]},{"@type":"Person","@id":"https:\/\/www.sindicaturabarcelona.cat\/ca\/#\/schema\/person\/0e5acffc350ffdbc97578159322c9452","name":"Pablo","image":{"@type":"ImageObject","inLanguage":"ca","@id":"https:\/\/secure.gravatar.com\/avatar\/c948169b402ef9492afde705c3dfd5e90e1a6a84ef6840a91124f805a25a480f?s=96&d=mm&r=g","url":"https:\/\/secure.gravatar.com\/avatar\/c948169b402ef9492afde705c3dfd5e90e1a6a84ef6840a91124f805a25a480f?s=96&d=mm&r=g","contentUrl":"https:\/\/secure.gravatar.com\/avatar\/c948169b402ef9492afde705c3dfd5e90e1a6a84ef6840a91124f805a25a480f?s=96&d=mm&r=g","caption":"Pablo"},"url":"https:\/\/www.sindicaturabarcelona.cat\/ca\/author\/pablo\/"}]}},"_links":{"self":[{"href":"https:\/\/www.sindicaturabarcelona.cat\/ca\/wp-json\/wp\/v2\/posts\/12220","targetHints":{"allow":["GET"]}}],"collection":[{"href":"https:\/\/www.sindicaturabarcelona.cat\/ca\/wp-json\/wp\/v2\/posts"}],"about":[{"href":"https:\/\/www.sindicaturabarcelona.cat\/ca\/wp-json\/wp\/v2\/types\/post"}],"author":[{"embeddable":true,"href":"https:\/\/www.sindicaturabarcelona.cat\/ca\/wp-json\/wp\/v2\/users\/2"}],"replies":[{"embeddable":true,"href":"https:\/\/www.sindicaturabarcelona.cat\/ca\/wp-json\/wp\/v2\/comments?post=12220"}],"version-history":[{"count":0,"href":"https:\/\/www.sindicaturabarcelona.cat\/ca\/wp-json\/wp\/v2\/posts\/12220\/revisions"}],"wp:featuredmedia":[{"embeddable":true,"href":"https:\/\/www.sindicaturabarcelona.cat\/ca\/wp-json\/wp\/v2\/media\/12221"}],"wp:attachment":[{"href":"https:\/\/www.sindicaturabarcelona.cat\/ca\/wp-json\/wp\/v2\/media?parent=12220"}],"wp:term":[{"taxonomy":"post_tag","embeddable":true,"href":"https:\/\/www.sindicaturabarcelona.cat\/ca\/wp-json\/wp\/v2\/tags?post=12220"},{"taxonomy":"drets","embeddable":true,"href":"https:\/\/www.sindicaturabarcelona.cat\/ca\/wp-json\/wp\/v2\/drets?post=12220"}],"curies":[{"name":"wp","href":"https:\/\/api.w.org\/{rel}","templated":true}]}}