{"id":12194,"date":"2021-03-29T16:05:08","date_gmt":"2021-03-29T14:05:08","guid":{"rendered":"https:\/\/www.sindicabarcelona.cat\/?p=12194"},"modified":"2021-03-29T16:10:16","modified_gmt":"2021-03-29T14:10:16","slug":"la-sindica-vila-presenta-linforme-2020-en-el-seu-darrer-discurs-davant-el-plenari-de-lajuntament-de-barcelona","status":"publish","type":"post","link":"https:\/\/www.sindicaturabarcelona.cat\/ca\/la-sindica-vila-presenta-linforme-2020-en-el-seu-darrer-discurs-davant-el-plenari-de-lajuntament-de-barcelona\/","title":{"rendered":"La s\u00edndica Vil\u00e0 presenta l\u2019informe 2020 en el seu darrer discurs davant el plenari de l\u2019Ajuntament de Barcelona"},"content":{"rendered":"\n<p>La s\u00edndica de greuges de Barcelona, Maria Assumpci\u00f3 Vil\u00e0, va presentar el darrer 26 de mar\u00e7 l\u2019informe anual del 2020 davant el plenari de l\u2019Ajuntament de Barcelona en un any clarament marcat per la Covid-19.<\/p>\n\n\n\n<p>Es tracta del darrer informe que presenta Maria Assumpci\u00f3 Vil\u00e0 despr\u00e9s de deu anys i dos mandats com a s\u00edndica de greuges de Barcelona. Aquest estiu tindr\u00e0 lloc l&#8217;elecci\u00f3 del nou defensor o la nova defensora de la ciutat pels pr\u00f2xims cinc anys.<\/p>\n\n\n\n<p>Durant l\u2019any 2020 la Sindicatura de Greuges de Barcelona ha dut a terme 3.543 actuacions. Del total, 1.988 han estat queixes, 1.518 consultes, 35 actuacions d\u2019ofici -fet que suposa un increment del 25%- i 2 visites de barri. S\u2019ha donat la ra\u00f3 a la ciutadania, totalment o en part, en un 78% dels casos.<\/p>\n\n\n\n<p>En el seu discurs, Vil\u00e0 s\u2019ha acomiadat dels membres del plenari defensant que \u201c<strong>he ent\u00e8s la Sindicatura com una feina compromesa i d\u2019estar en constant moviment, res d\u2019a\u00efllar-se en un despatx\u201d<\/strong>. El discurs ha acabat amb una s\u00edndica de greuges de Barcelona visiblement emocionada i recordant els moments m\u00e9s importants dels \u00faltims deu anys de la Sindicatura. Ja pots veure l\u2019emotiu discurs de la s\u00edndica aqu\u00ed:<\/p>\n\n\n\n<iframe loading=\"lazy\" width=\"560\" height=\"315\" src=\"https:\/\/www.youtube.com\/embed\/bsDtD4yzqdk\" title=\"YouTube video player\" frameborder=\"0\" allow=\"accelerometer; autoplay; clipboard-write; encrypted-media; gyroscope; picture-in-picture\" allowfullscreen=\"\"><\/iframe>\n","protected":false},"excerpt":{"rendered":"<p>La s\u00edndica de greuges de Barcelona, Maria Assumpci\u00f3 Vil\u00e0, va presentar el darrer 26 de mar\u00e7 l\u2019informe anual del 2020 davant el plenari de l\u2019Ajuntament de Barcelona en un any [&hellip;]<\/p>\n","protected":false},"author":2,"featured_media":12195,"comment_status":"closed","ping_status":"open","sticky":false,"template":"","format":"standard","meta":{"_acf_changed":false,"footnotes":""},"tags":[],"drets":[],"class_list":["post-12194","post","type-post","status-publish","format-standard","has-post-thumbnail","hentry"],"acf":[],"yoast_head":"<!-- This site is optimized with the Yoast SEO plugin v27.5 - https:\/\/yoast.com\/product\/yoast-seo-wordpress\/ -->\n<title>La s\u00edndica Vil\u00e0 presenta l\u2019informe 2020 en el seu darrer discurs davant el plenari de l\u2019Ajuntament de Barcelona - Sindicatura de Greuges de Barcelona<\/title>\n<meta name=\"robots\" content=\"index, follow, max-snippet:-1, max-image-preview:large, max-video-preview:-1\" \/>\n<link rel=\"canonical\" href=\"https:\/\/www.sindicaturabarcelona.cat\/ca\/la-sindica-vila-presenta-linforme-2020-en-el-seu-darrer-discurs-davant-el-plenari-de-lajuntament-de-barcelona\/\" \/>\n<meta property=\"og:locale\" content=\"ca_ES\" \/>\n<meta property=\"og:type\" content=\"article\" \/>\n<meta property=\"og:title\" content=\"La s\u00edndica Vil\u00e0 presenta l\u2019informe 2020 en el seu darrer discurs davant el plenari de l\u2019Ajuntament de Barcelona - Sindicatura de Greuges de Barcelona\" \/>\n<meta property=\"og:description\" content=\"La s\u00edndica de greuges de Barcelona, Maria Assumpci\u00f3 Vil\u00e0, va presentar el darrer 26 de mar\u00e7 l\u2019informe anual del 2020 davant el plenari de l\u2019Ajuntament de Barcelona en un any [&hellip;]\" \/>\n<meta property=\"og:url\" content=\"https:\/\/www.sindicaturabarcelona.cat\/ca\/la-sindica-vila-presenta-linforme-2020-en-el-seu-darrer-discurs-davant-el-plenari-de-lajuntament-de-barcelona\/\" \/>\n<meta property=\"og:site_name\" content=\"Sindicatura de Greuges de Barcelona\" \/>\n<meta property=\"article:published_time\" content=\"2021-03-29T14:05:08+00:00\" \/>\n<meta property=\"article:modified_time\" content=\"2021-03-29T14:10:16+00:00\" \/>\n<meta property=\"og:image\" content=\"https:\/\/www.sindicaturabarcelona.cat\/wp-content\/uploads\/2021\/03\/ExZWHvOXMAAtw2Z-scaled.jpeg\" \/>\n\t<meta property=\"og:image:width\" content=\"2560\" \/>\n\t<meta property=\"og:image:height\" content=\"1708\" \/>\n\t<meta property=\"og:image:type\" content=\"image\/jpeg\" \/>\n<meta name=\"author\" content=\"Pablo\" \/>\n<meta name=\"twitter:card\" content=\"summary_large_image\" \/>\n<meta name=\"twitter:creator\" content=\"@sindicbarcelona\" \/>\n<meta name=\"twitter:site\" content=\"@sindicbarcelona\" \/>\n<meta name=\"twitter:label1\" content=\"Escrit per\" \/>\n\t<meta name=\"twitter:data1\" content=\"Pablo\" \/>\n\t<meta name=\"twitter:label2\" content=\"Temps estimat de lectura\" \/>\n\t<meta name=\"twitter:data2\" content=\"1 minut\" \/>\n<script type=\"application\/ld+json\" class=\"yoast-schema-graph\">{\"@context\":\"https:\\\/\\\/schema.org\",\"@graph\":[{\"@type\":\"Article\",\"@id\":\"https:\\\/\\\/www.sindicaturabarcelona.cat\\\/ca\\\/la-sindica-vila-presenta-linforme-2020-en-el-seu-darrer-discurs-davant-el-plenari-de-lajuntament-de-barcelona\\\/#article\",\"isPartOf\":{\"@id\":\"https:\\\/\\\/www.sindicaturabarcelona.cat\\\/ca\\\/la-sindica-vila-presenta-linforme-2020-en-el-seu-darrer-discurs-davant-el-plenari-de-lajuntament-de-barcelona\\\/\"},\"author\":{\"name\":\"Pablo\",\"@id\":\"https:\\\/\\\/www.sindicaturabarcelona.cat\\\/ca\\\/#\\\/schema\\\/person\\\/0e5acffc350ffdbc97578159322c9452\"},\"headline\":\"La s\u00edndica Vil\u00e0 presenta l\u2019informe 2020 en el seu darrer discurs davant el plenari de l\u2019Ajuntament de Barcelona\",\"datePublished\":\"2021-03-29T14:05:08+00:00\",\"dateModified\":\"2021-03-29T14:10:16+00:00\",\"mainEntityOfPage\":{\"@id\":\"https:\\\/\\\/www.sindicaturabarcelona.cat\\\/ca\\\/la-sindica-vila-presenta-linforme-2020-en-el-seu-darrer-discurs-davant-el-plenari-de-lajuntament-de-barcelona\\\/\"},\"wordCount\":228,\"publisher\":{\"@id\":\"https:\\\/\\\/www.sindicaturabarcelona.cat\\\/ca\\\/#organization\"},\"image\":{\"@id\":\"https:\\\/\\\/www.sindicaturabarcelona.cat\\\/ca\\\/la-sindica-vila-presenta-linforme-2020-en-el-seu-darrer-discurs-davant-el-plenari-de-lajuntament-de-barcelona\\\/#primaryimage\"},\"thumbnailUrl\":\"https:\\\/\\\/www.sindicaturabarcelona.cat\\\/wp-content\\\/uploads\\\/2021\\\/03\\\/ExZWHvOXMAAtw2Z-scaled.jpeg\",\"inLanguage\":\"ca\"},{\"@type\":\"WebPage\",\"@id\":\"https:\\\/\\\/www.sindicaturabarcelona.cat\\\/ca\\\/la-sindica-vila-presenta-linforme-2020-en-el-seu-darrer-discurs-davant-el-plenari-de-lajuntament-de-barcelona\\\/\",\"url\":\"https:\\\/\\\/www.sindicaturabarcelona.cat\\\/ca\\\/la-sindica-vila-presenta-linforme-2020-en-el-seu-darrer-discurs-davant-el-plenari-de-lajuntament-de-barcelona\\\/\",\"name\":\"La s\u00edndica Vil\u00e0 presenta l\u2019informe 2020 en el seu darrer discurs davant el plenari de l\u2019Ajuntament de Barcelona - Sindicatura de Greuges de Barcelona\",\"isPartOf\":{\"@id\":\"https:\\\/\\\/www.sindicaturabarcelona.cat\\\/ca\\\/#website\"},\"primaryImageOfPage\":{\"@id\":\"https:\\\/\\\/www.sindicaturabarcelona.cat\\\/ca\\\/la-sindica-vila-presenta-linforme-2020-en-el-seu-darrer-discurs-davant-el-plenari-de-lajuntament-de-barcelona\\\/#primaryimage\"},\"image\":{\"@id\":\"https:\\\/\\\/www.sindicaturabarcelona.cat\\\/ca\\\/la-sindica-vila-presenta-linforme-2020-en-el-seu-darrer-discurs-davant-el-plenari-de-lajuntament-de-barcelona\\\/#primaryimage\"},\"thumbnailUrl\":\"https:\\\/\\\/www.sindicaturabarcelona.cat\\\/wp-content\\\/uploads\\\/2021\\\/03\\\/ExZWHvOXMAAtw2Z-scaled.jpeg\",\"datePublished\":\"2021-03-29T14:05:08+00:00\",\"dateModified\":\"2021-03-29T14:10:16+00:00\",\"breadcrumb\":{\"@id\":\"https:\\\/\\\/www.sindicaturabarcelona.cat\\\/ca\\\/la-sindica-vila-presenta-linforme-2020-en-el-seu-darrer-discurs-davant-el-plenari-de-lajuntament-de-barcelona\\\/#breadcrumb\"},\"inLanguage\":\"ca\",\"potentialAction\":[{\"@type\":\"ReadAction\",\"target\":[\"https:\\\/\\\/www.sindicaturabarcelona.cat\\\/ca\\\/la-sindica-vila-presenta-linforme-2020-en-el-seu-darrer-discurs-davant-el-plenari-de-lajuntament-de-barcelona\\\/\"]}]},{\"@type\":\"ImageObject\",\"inLanguage\":\"ca\",\"@id\":\"https:\\\/\\\/www.sindicaturabarcelona.cat\\\/ca\\\/la-sindica-vila-presenta-linforme-2020-en-el-seu-darrer-discurs-davant-el-plenari-de-lajuntament-de-barcelona\\\/#primaryimage\",\"url\":\"https:\\\/\\\/www.sindicaturabarcelona.cat\\\/wp-content\\\/uploads\\\/2021\\\/03\\\/ExZWHvOXMAAtw2Z-scaled.jpeg\",\"contentUrl\":\"https:\\\/\\\/www.sindicaturabarcelona.cat\\\/wp-content\\\/uploads\\\/2021\\\/03\\\/ExZWHvOXMAAtw2Z-scaled.jpeg\",\"width\":2560,\"height\":1708},{\"@type\":\"BreadcrumbList\",\"@id\":\"https:\\\/\\\/www.sindicaturabarcelona.cat\\\/ca\\\/la-sindica-vila-presenta-linforme-2020-en-el-seu-darrer-discurs-davant-el-plenari-de-lajuntament-de-barcelona\\\/#breadcrumb\",\"itemListElement\":[{\"@type\":\"ListItem\",\"position\":1,\"name\":\"Inici\",\"item\":\"https:\\\/\\\/www.sindicaturabarcelona.cat\\\/ca\\\/\"},{\"@type\":\"ListItem\",\"position\":2,\"name\":\"La s\u00edndica Vil\u00e0 presenta l\u2019informe 2020 en el seu darrer discurs davant el plenari de l\u2019Ajuntament de Barcelona\"}]},{\"@type\":\"WebSite\",\"@id\":\"https:\\\/\\\/www.sindicaturabarcelona.cat\\\/ca\\\/#website\",\"url\":\"https:\\\/\\\/www.sindicaturabarcelona.cat\\\/ca\\\/\",\"name\":\"Sindicatura de Greuges de Barcelona\",\"description\":\"La defensoria dels teus drets\",\"publisher\":{\"@id\":\"https:\\\/\\\/www.sindicaturabarcelona.cat\\\/ca\\\/#organization\"},\"potentialAction\":[{\"@type\":\"SearchAction\",\"target\":{\"@type\":\"EntryPoint\",\"urlTemplate\":\"https:\\\/\\\/www.sindicaturabarcelona.cat\\\/ca\\\/?s={search_term_string}\"},\"query-input\":{\"@type\":\"PropertyValueSpecification\",\"valueRequired\":true,\"valueName\":\"search_term_string\"}}],\"inLanguage\":\"ca\"},{\"@type\":\"Organization\",\"@id\":\"https:\\\/\\\/www.sindicaturabarcelona.cat\\\/ca\\\/#organization\",\"name\":\"Sindicatura de Greuges de Barcelona\",\"url\":\"https:\\\/\\\/www.sindicaturabarcelona.cat\\\/ca\\\/\",\"logo\":{\"@type\":\"ImageObject\",\"inLanguage\":\"ca\",\"@id\":\"https:\\\/\\\/www.sindicaturabarcelona.cat\\\/ca\\\/#\\\/schema\\\/logo\\\/image\\\/\",\"url\":\"https:\\\/\\\/www.sindicaturabarcelona.cat\\\/wp-content\\\/uploads\\\/2023\\\/02\\\/logo_sindicatura.svg\",\"contentUrl\":\"https:\\\/\\\/www.sindicaturabarcelona.cat\\\/wp-content\\\/uploads\\\/2023\\\/02\\\/logo_sindicatura.svg\",\"caption\":\"Sindicatura de Greuges de Barcelona\"},\"image\":{\"@id\":\"https:\\\/\\\/www.sindicaturabarcelona.cat\\\/ca\\\/#\\\/schema\\\/logo\\\/image\\\/\"},\"sameAs\":[\"https:\\\/\\\/x.com\\\/sindicbarcelona\",\"https:\\\/\\\/www.instagram.com\\\/sindicbarcelona\\\/\",\"https:\\\/\\\/www.tiktok.com\\\/@sindicaturabcn\",\"https:\\\/\\\/t.me\\\/sindicaturabarcelona\"]},{\"@type\":\"Person\",\"@id\":\"https:\\\/\\\/www.sindicaturabarcelona.cat\\\/ca\\\/#\\\/schema\\\/person\\\/0e5acffc350ffdbc97578159322c9452\",\"name\":\"Pablo\",\"image\":{\"@type\":\"ImageObject\",\"inLanguage\":\"ca\",\"@id\":\"https:\\\/\\\/secure.gravatar.com\\\/avatar\\\/c948169b402ef9492afde705c3dfd5e90e1a6a84ef6840a91124f805a25a480f?s=96&d=mm&r=g\",\"url\":\"https:\\\/\\\/secure.gravatar.com\\\/avatar\\\/c948169b402ef9492afde705c3dfd5e90e1a6a84ef6840a91124f805a25a480f?s=96&d=mm&r=g\",\"contentUrl\":\"https:\\\/\\\/secure.gravatar.com\\\/avatar\\\/c948169b402ef9492afde705c3dfd5e90e1a6a84ef6840a91124f805a25a480f?s=96&d=mm&r=g\",\"caption\":\"Pablo\"},\"url\":\"https:\\\/\\\/www.sindicaturabarcelona.cat\\\/ca\\\/author\\\/pablo\\\/\"}]}<\/script>\n<!-- \/ Yoast SEO plugin. -->","yoast_head_json":{"title":"La s\u00edndica Vil\u00e0 presenta l\u2019informe 2020 en el seu darrer discurs davant el plenari de l\u2019Ajuntament de Barcelona - Sindicatura de Greuges de Barcelona","robots":{"index":"index","follow":"follow","max-snippet":"max-snippet:-1","max-image-preview":"max-image-preview:large","max-video-preview":"max-video-preview:-1"},"canonical":"https:\/\/www.sindicaturabarcelona.cat\/ca\/la-sindica-vila-presenta-linforme-2020-en-el-seu-darrer-discurs-davant-el-plenari-de-lajuntament-de-barcelona\/","og_locale":"ca_ES","og_type":"article","og_title":"La s\u00edndica Vil\u00e0 presenta l\u2019informe 2020 en el seu darrer discurs davant el plenari de l\u2019Ajuntament de Barcelona - Sindicatura de Greuges de Barcelona","og_description":"La s\u00edndica de greuges de Barcelona, Maria Assumpci\u00f3 Vil\u00e0, va presentar el darrer 26 de mar\u00e7 l\u2019informe anual del 2020 davant el plenari de l\u2019Ajuntament de Barcelona en un any [&hellip;]","og_url":"https:\/\/www.sindicaturabarcelona.cat\/ca\/la-sindica-vila-presenta-linforme-2020-en-el-seu-darrer-discurs-davant-el-plenari-de-lajuntament-de-barcelona\/","og_site_name":"Sindicatura de Greuges de Barcelona","article_published_time":"2021-03-29T14:05:08+00:00","article_modified_time":"2021-03-29T14:10:16+00:00","og_image":[{"width":2560,"height":1708,"url":"https:\/\/www.sindicaturabarcelona.cat\/wp-content\/uploads\/2021\/03\/ExZWHvOXMAAtw2Z-scaled.jpeg","type":"image\/jpeg"}],"author":"Pablo","twitter_card":"summary_large_image","twitter_creator":"@sindicbarcelona","twitter_site":"@sindicbarcelona","twitter_misc":{"Escrit per":"Pablo","Temps estimat de lectura":"1 minut"},"schema":{"@context":"https:\/\/schema.org","@graph":[{"@type":"Article","@id":"https:\/\/www.sindicaturabarcelona.cat\/ca\/la-sindica-vila-presenta-linforme-2020-en-el-seu-darrer-discurs-davant-el-plenari-de-lajuntament-de-barcelona\/#article","isPartOf":{"@id":"https:\/\/www.sindicaturabarcelona.cat\/ca\/la-sindica-vila-presenta-linforme-2020-en-el-seu-darrer-discurs-davant-el-plenari-de-lajuntament-de-barcelona\/"},"author":{"name":"Pablo","@id":"https:\/\/www.sindicaturabarcelona.cat\/ca\/#\/schema\/person\/0e5acffc350ffdbc97578159322c9452"},"headline":"La s\u00edndica Vil\u00e0 presenta l\u2019informe 2020 en el seu darrer discurs davant el plenari de l\u2019Ajuntament de Barcelona","datePublished":"2021-03-29T14:05:08+00:00","dateModified":"2021-03-29T14:10:16+00:00","mainEntityOfPage":{"@id":"https:\/\/www.sindicaturabarcelona.cat\/ca\/la-sindica-vila-presenta-linforme-2020-en-el-seu-darrer-discurs-davant-el-plenari-de-lajuntament-de-barcelona\/"},"wordCount":228,"publisher":{"@id":"https:\/\/www.sindicaturabarcelona.cat\/ca\/#organization"},"image":{"@id":"https:\/\/www.sindicaturabarcelona.cat\/ca\/la-sindica-vila-presenta-linforme-2020-en-el-seu-darrer-discurs-davant-el-plenari-de-lajuntament-de-barcelona\/#primaryimage"},"thumbnailUrl":"https:\/\/www.sindicaturabarcelona.cat\/wp-content\/uploads\/2021\/03\/ExZWHvOXMAAtw2Z-scaled.jpeg","inLanguage":"ca"},{"@type":"WebPage","@id":"https:\/\/www.sindicaturabarcelona.cat\/ca\/la-sindica-vila-presenta-linforme-2020-en-el-seu-darrer-discurs-davant-el-plenari-de-lajuntament-de-barcelona\/","url":"https:\/\/www.sindicaturabarcelona.cat\/ca\/la-sindica-vila-presenta-linforme-2020-en-el-seu-darrer-discurs-davant-el-plenari-de-lajuntament-de-barcelona\/","name":"La s\u00edndica Vil\u00e0 presenta l\u2019informe 2020 en el seu darrer discurs davant el plenari de l\u2019Ajuntament de Barcelona - Sindicatura de Greuges de Barcelona","isPartOf":{"@id":"https:\/\/www.sindicaturabarcelona.cat\/ca\/#website"},"primaryImageOfPage":{"@id":"https:\/\/www.sindicaturabarcelona.cat\/ca\/la-sindica-vila-presenta-linforme-2020-en-el-seu-darrer-discurs-davant-el-plenari-de-lajuntament-de-barcelona\/#primaryimage"},"image":{"@id":"https:\/\/www.sindicaturabarcelona.cat\/ca\/la-sindica-vila-presenta-linforme-2020-en-el-seu-darrer-discurs-davant-el-plenari-de-lajuntament-de-barcelona\/#primaryimage"},"thumbnailUrl":"https:\/\/www.sindicaturabarcelona.cat\/wp-content\/uploads\/2021\/03\/ExZWHvOXMAAtw2Z-scaled.jpeg","datePublished":"2021-03-29T14:05:08+00:00","dateModified":"2021-03-29T14:10:16+00:00","breadcrumb":{"@id":"https:\/\/www.sindicaturabarcelona.cat\/ca\/la-sindica-vila-presenta-linforme-2020-en-el-seu-darrer-discurs-davant-el-plenari-de-lajuntament-de-barcelona\/#breadcrumb"},"inLanguage":"ca","potentialAction":[{"@type":"ReadAction","target":["https:\/\/www.sindicaturabarcelona.cat\/ca\/la-sindica-vila-presenta-linforme-2020-en-el-seu-darrer-discurs-davant-el-plenari-de-lajuntament-de-barcelona\/"]}]},{"@type":"ImageObject","inLanguage":"ca","@id":"https:\/\/www.sindicaturabarcelona.cat\/ca\/la-sindica-vila-presenta-linforme-2020-en-el-seu-darrer-discurs-davant-el-plenari-de-lajuntament-de-barcelona\/#primaryimage","url":"https:\/\/www.sindicaturabarcelona.cat\/wp-content\/uploads\/2021\/03\/ExZWHvOXMAAtw2Z-scaled.jpeg","contentUrl":"https:\/\/www.sindicaturabarcelona.cat\/wp-content\/uploads\/2021\/03\/ExZWHvOXMAAtw2Z-scaled.jpeg","width":2560,"height":1708},{"@type":"BreadcrumbList","@id":"https:\/\/www.sindicaturabarcelona.cat\/ca\/la-sindica-vila-presenta-linforme-2020-en-el-seu-darrer-discurs-davant-el-plenari-de-lajuntament-de-barcelona\/#breadcrumb","itemListElement":[{"@type":"ListItem","position":1,"name":"Inici","item":"https:\/\/www.sindicaturabarcelona.cat\/ca\/"},{"@type":"ListItem","position":2,"name":"La s\u00edndica Vil\u00e0 presenta l\u2019informe 2020 en el seu darrer discurs davant el plenari de l\u2019Ajuntament de Barcelona"}]},{"@type":"WebSite","@id":"https:\/\/www.sindicaturabarcelona.cat\/ca\/#website","url":"https:\/\/www.sindicaturabarcelona.cat\/ca\/","name":"Sindicatura de Greuges de Barcelona","description":"La defensoria dels teus drets","publisher":{"@id":"https:\/\/www.sindicaturabarcelona.cat\/ca\/#organization"},"potentialAction":[{"@type":"SearchAction","target":{"@type":"EntryPoint","urlTemplate":"https:\/\/www.sindicaturabarcelona.cat\/ca\/?s={search_term_string}"},"query-input":{"@type":"PropertyValueSpecification","valueRequired":true,"valueName":"search_term_string"}}],"inLanguage":"ca"},{"@type":"Organization","@id":"https:\/\/www.sindicaturabarcelona.cat\/ca\/#organization","name":"Sindicatura de Greuges de Barcelona","url":"https:\/\/www.sindicaturabarcelona.cat\/ca\/","logo":{"@type":"ImageObject","inLanguage":"ca","@id":"https:\/\/www.sindicaturabarcelona.cat\/ca\/#\/schema\/logo\/image\/","url":"https:\/\/www.sindicaturabarcelona.cat\/wp-content\/uploads\/2023\/02\/logo_sindicatura.svg","contentUrl":"https:\/\/www.sindicaturabarcelona.cat\/wp-content\/uploads\/2023\/02\/logo_sindicatura.svg","caption":"Sindicatura de Greuges de Barcelona"},"image":{"@id":"https:\/\/www.sindicaturabarcelona.cat\/ca\/#\/schema\/logo\/image\/"},"sameAs":["https:\/\/x.com\/sindicbarcelona","https:\/\/www.instagram.com\/sindicbarcelona\/","https:\/\/www.tiktok.com\/@sindicaturabcn","https:\/\/t.me\/sindicaturabarcelona"]},{"@type":"Person","@id":"https:\/\/www.sindicaturabarcelona.cat\/ca\/#\/schema\/person\/0e5acffc350ffdbc97578159322c9452","name":"Pablo","image":{"@type":"ImageObject","inLanguage":"ca","@id":"https:\/\/secure.gravatar.com\/avatar\/c948169b402ef9492afde705c3dfd5e90e1a6a84ef6840a91124f805a25a480f?s=96&d=mm&r=g","url":"https:\/\/secure.gravatar.com\/avatar\/c948169b402ef9492afde705c3dfd5e90e1a6a84ef6840a91124f805a25a480f?s=96&d=mm&r=g","contentUrl":"https:\/\/secure.gravatar.com\/avatar\/c948169b402ef9492afde705c3dfd5e90e1a6a84ef6840a91124f805a25a480f?s=96&d=mm&r=g","caption":"Pablo"},"url":"https:\/\/www.sindicaturabarcelona.cat\/ca\/author\/pablo\/"}]}},"_links":{"self":[{"href":"https:\/\/www.sindicaturabarcelona.cat\/ca\/wp-json\/wp\/v2\/posts\/12194","targetHints":{"allow":["GET"]}}],"collection":[{"href":"https:\/\/www.sindicaturabarcelona.cat\/ca\/wp-json\/wp\/v2\/posts"}],"about":[{"href":"https:\/\/www.sindicaturabarcelona.cat\/ca\/wp-json\/wp\/v2\/types\/post"}],"author":[{"embeddable":true,"href":"https:\/\/www.sindicaturabarcelona.cat\/ca\/wp-json\/wp\/v2\/users\/2"}],"replies":[{"embeddable":true,"href":"https:\/\/www.sindicaturabarcelona.cat\/ca\/wp-json\/wp\/v2\/comments?post=12194"}],"version-history":[{"count":0,"href":"https:\/\/www.sindicaturabarcelona.cat\/ca\/wp-json\/wp\/v2\/posts\/12194\/revisions"}],"wp:featuredmedia":[{"embeddable":true,"href":"https:\/\/www.sindicaturabarcelona.cat\/ca\/wp-json\/wp\/v2\/media\/12195"}],"wp:attachment":[{"href":"https:\/\/www.sindicaturabarcelona.cat\/ca\/wp-json\/wp\/v2\/media?parent=12194"}],"wp:term":[{"taxonomy":"post_tag","embeddable":true,"href":"https:\/\/www.sindicaturabarcelona.cat\/ca\/wp-json\/wp\/v2\/tags?post=12194"},{"taxonomy":"drets","embeddable":true,"href":"https:\/\/www.sindicaturabarcelona.cat\/ca\/wp-json\/wp\/v2\/drets?post=12194"}],"curies":[{"name":"wp","href":"https:\/\/api.w.org\/{rel}","templated":true}]}}