{"id":12176,"date":"2021-03-25T12:27:25","date_gmt":"2021-03-25T10:27:25","guid":{"rendered":"https:\/\/www.sindicabarcelona.cat\/?p=12176"},"modified":"2021-03-25T12:29:04","modified_gmt":"2021-03-25T10:29:04","slug":"vuit-candidatures-presentades-per-a-leleccio-de-la-nova-sindica-o-el-nou-sindic-de-barcelona","status":"publish","type":"post","link":"https:\/\/www.sindicaturabarcelona.cat\/ca\/vuit-candidatures-presentades-per-a-leleccio-de-la-nova-sindica-o-el-nou-sindic-de-barcelona\/","title":{"rendered":"Vuit candidatures presentades per a l&#8217;elecci\u00f3 de la nova s\u00edndica o el nou s\u00edndic de Barcelona"},"content":{"rendered":"\n<p><strong>Durant els darrers dos mesos, entre el 15 de gener i el 15 de mar\u00e7,<\/strong> el teixit associatiu de la ciutat ha presentat vuit candidatures per al c\u00e0rrec de s\u00edndic o s\u00edndica de greuges de Barcelona, persones escollides per les entitats per la seva traject\u00f2ria personal i professional i pel seu coneixement de la ciutat. Les vuit candidatures presentades signifiquen un important increment respecte al proc\u00e9s d\u2019elecci\u00f3 del 2016, en qu\u00e8 van presentar-se cinc persones per al c\u00e0rrec.<\/p>\n\n\n\n<p>Entre el 19 d\u2019abril i el 19 de maig tindr\u00e0 lloc la fase de suports, en qu\u00e8 la ciutadania a t\u00edtol individual i tamb\u00e9 les entitats podran donar suport a alguna de les candidatures mitjan\u00e7ant la plataforma de participaci\u00f3 Decidim.Barcelona. Aquesta fase de suport popular, que es va dur a terme per primera vegada el 2016, persegueix un doble objectiu.<\/p>\n\n\n\n<p>D\u2019una banda, acostar la Sindicatura de Greuges a la ciutadania i donar-la a con\u00e8ixer com a instituci\u00f3 municipal que t\u00e9 la funci\u00f3 de defensar els drets fonamentals i les llibertats p\u00fabliques davant de l\u2019administraci\u00f3. De l\u2019altra, potenciar els mecanismes de democr\u00e0cia activa entre la ciutadania i fer arribar aquesta veu als membres del Plenari del Consell Municipal que, en \u00faltima inst\u00e0ncia, segons estableix la Carta Municipal de Barcelona, \u00e9s l\u2019\u00f2rgan competent per escollir el nou s\u00edndic o la nova s\u00edndica.<\/p>\n\n\n\n<p>Podeu consultar les candidatures <a href=\"https:\/\/ajuntament.barcelona.cat\/premsa\/2021\/03\/25\/presentades-vuit-candidatures-a-la-sindicatura-de-greuges-de-barcelona\/\" target=\"_blank\" rel=\"noreferrer noopener\">aqu\u00ed<\/a>.<\/p>\n\n\n\n<p><a href=\"https:\/\/www.sindicaturabarcelona.cat\/wp-content\/uploads\/2021\/03\/20210325_Candidatures-nou-sindic-o-sindica_CAT.pdf\" target=\"_blank\" rel=\"noreferrer noopener\">Nota de premsa<\/a><\/p>\n","protected":false},"excerpt":{"rendered":"<p>Durant els darrers dos mesos, entre el 15 de gener i el 15 de mar\u00e7, el teixit associatiu de la ciutat ha presentat vuit candidatures per al c\u00e0rrec de s\u00edndic [&hellip;]<\/p>\n","protected":false},"author":2,"featured_media":12177,"comment_status":"closed","ping_status":"open","sticky":false,"template":"","format":"standard","meta":{"_acf_changed":false,"footnotes":""},"tags":[],"drets":[],"class_list":["post-12176","post","type-post","status-publish","format-standard","has-post-thumbnail","hentry"],"acf":[],"yoast_head":"<!-- This site is optimized with the Yoast SEO plugin v27.5 - https:\/\/yoast.com\/product\/yoast-seo-wordpress\/ -->\n<title>Vuit candidatures presentades per a l&#039;elecci\u00f3 de la nova s\u00edndica o el nou s\u00edndic de Barcelona - Sindicatura de Greuges de Barcelona<\/title>\n<meta name=\"robots\" content=\"index, follow, max-snippet:-1, max-image-preview:large, max-video-preview:-1\" \/>\n<link rel=\"canonical\" href=\"https:\/\/www.sindicaturabarcelona.cat\/ca\/vuit-candidatures-presentades-per-a-leleccio-de-la-nova-sindica-o-el-nou-sindic-de-barcelona\/\" \/>\n<meta property=\"og:locale\" content=\"ca_ES\" \/>\n<meta property=\"og:type\" content=\"article\" \/>\n<meta property=\"og:title\" content=\"Vuit candidatures presentades per a l&#039;elecci\u00f3 de la nova s\u00edndica o el nou s\u00edndic de Barcelona - Sindicatura de Greuges de Barcelona\" \/>\n<meta property=\"og:description\" content=\"Durant els darrers dos mesos, entre el 15 de gener i el 15 de mar\u00e7, el teixit associatiu de la ciutat ha presentat vuit candidatures per al c\u00e0rrec de s\u00edndic [&hellip;]\" \/>\n<meta property=\"og:url\" content=\"https:\/\/www.sindicaturabarcelona.cat\/ca\/vuit-candidatures-presentades-per-a-leleccio-de-la-nova-sindica-o-el-nou-sindic-de-barcelona\/\" \/>\n<meta property=\"og:site_name\" content=\"Sindicatura de Greuges de Barcelona\" \/>\n<meta property=\"article:published_time\" content=\"2021-03-25T10:27:25+00:00\" \/>\n<meta property=\"article:modified_time\" content=\"2021-03-25T10:29:04+00:00\" \/>\n<meta property=\"og:image\" content=\"https:\/\/www.sindicaturabarcelona.cat\/wp-content\/uploads\/2021\/03\/porta-e1616669361197.jpeg\" \/>\n\t<meta property=\"og:image:width\" content=\"572\" \/>\n\t<meta property=\"og:image:height\" content=\"469\" \/>\n\t<meta property=\"og:image:type\" content=\"image\/jpeg\" \/>\n<meta name=\"author\" content=\"Pablo\" \/>\n<meta name=\"twitter:card\" content=\"summary_large_image\" \/>\n<meta name=\"twitter:creator\" content=\"@sindicbarcelona\" \/>\n<meta name=\"twitter:site\" content=\"@sindicbarcelona\" \/>\n<meta name=\"twitter:label1\" content=\"Escrit per\" \/>\n\t<meta name=\"twitter:data1\" content=\"Pablo\" \/>\n\t<meta name=\"twitter:label2\" content=\"Temps estimat de lectura\" \/>\n\t<meta name=\"twitter:data2\" content=\"1 minut\" \/>\n<script type=\"application\/ld+json\" class=\"yoast-schema-graph\">{\"@context\":\"https:\\\/\\\/schema.org\",\"@graph\":[{\"@type\":\"Article\",\"@id\":\"https:\\\/\\\/www.sindicaturabarcelona.cat\\\/ca\\\/vuit-candidatures-presentades-per-a-leleccio-de-la-nova-sindica-o-el-nou-sindic-de-barcelona\\\/#article\",\"isPartOf\":{\"@id\":\"https:\\\/\\\/www.sindicaturabarcelona.cat\\\/ca\\\/vuit-candidatures-presentades-per-a-leleccio-de-la-nova-sindica-o-el-nou-sindic-de-barcelona\\\/\"},\"author\":{\"name\":\"Pablo\",\"@id\":\"https:\\\/\\\/www.sindicaturabarcelona.cat\\\/ca\\\/#\\\/schema\\\/person\\\/0e5acffc350ffdbc97578159322c9452\"},\"headline\":\"Vuit candidatures presentades per a l&#8217;elecci\u00f3 de la nova s\u00edndica o el nou s\u00edndic de Barcelona\",\"datePublished\":\"2021-03-25T10:27:25+00:00\",\"dateModified\":\"2021-03-25T10:29:04+00:00\",\"mainEntityOfPage\":{\"@id\":\"https:\\\/\\\/www.sindicaturabarcelona.cat\\\/ca\\\/vuit-candidatures-presentades-per-a-leleccio-de-la-nova-sindica-o-el-nou-sindic-de-barcelona\\\/\"},\"wordCount\":260,\"publisher\":{\"@id\":\"https:\\\/\\\/www.sindicaturabarcelona.cat\\\/ca\\\/#organization\"},\"image\":{\"@id\":\"https:\\\/\\\/www.sindicaturabarcelona.cat\\\/ca\\\/vuit-candidatures-presentades-per-a-leleccio-de-la-nova-sindica-o-el-nou-sindic-de-barcelona\\\/#primaryimage\"},\"thumbnailUrl\":\"https:\\\/\\\/www.sindicaturabarcelona.cat\\\/wp-content\\\/uploads\\\/2021\\\/03\\\/porta-e1616669361197.jpeg\",\"inLanguage\":\"ca\"},{\"@type\":\"WebPage\",\"@id\":\"https:\\\/\\\/www.sindicaturabarcelona.cat\\\/ca\\\/vuit-candidatures-presentades-per-a-leleccio-de-la-nova-sindica-o-el-nou-sindic-de-barcelona\\\/\",\"url\":\"https:\\\/\\\/www.sindicaturabarcelona.cat\\\/ca\\\/vuit-candidatures-presentades-per-a-leleccio-de-la-nova-sindica-o-el-nou-sindic-de-barcelona\\\/\",\"name\":\"Vuit candidatures presentades per a l'elecci\u00f3 de la nova s\u00edndica o el nou s\u00edndic de Barcelona - Sindicatura de Greuges de Barcelona\",\"isPartOf\":{\"@id\":\"https:\\\/\\\/www.sindicaturabarcelona.cat\\\/ca\\\/#website\"},\"primaryImageOfPage\":{\"@id\":\"https:\\\/\\\/www.sindicaturabarcelona.cat\\\/ca\\\/vuit-candidatures-presentades-per-a-leleccio-de-la-nova-sindica-o-el-nou-sindic-de-barcelona\\\/#primaryimage\"},\"image\":{\"@id\":\"https:\\\/\\\/www.sindicaturabarcelona.cat\\\/ca\\\/vuit-candidatures-presentades-per-a-leleccio-de-la-nova-sindica-o-el-nou-sindic-de-barcelona\\\/#primaryimage\"},\"thumbnailUrl\":\"https:\\\/\\\/www.sindicaturabarcelona.cat\\\/wp-content\\\/uploads\\\/2021\\\/03\\\/porta-e1616669361197.jpeg\",\"datePublished\":\"2021-03-25T10:27:25+00:00\",\"dateModified\":\"2021-03-25T10:29:04+00:00\",\"breadcrumb\":{\"@id\":\"https:\\\/\\\/www.sindicaturabarcelona.cat\\\/ca\\\/vuit-candidatures-presentades-per-a-leleccio-de-la-nova-sindica-o-el-nou-sindic-de-barcelona\\\/#breadcrumb\"},\"inLanguage\":\"ca\",\"potentialAction\":[{\"@type\":\"ReadAction\",\"target\":[\"https:\\\/\\\/www.sindicaturabarcelona.cat\\\/ca\\\/vuit-candidatures-presentades-per-a-leleccio-de-la-nova-sindica-o-el-nou-sindic-de-barcelona\\\/\"]}]},{\"@type\":\"ImageObject\",\"inLanguage\":\"ca\",\"@id\":\"https:\\\/\\\/www.sindicaturabarcelona.cat\\\/ca\\\/vuit-candidatures-presentades-per-a-leleccio-de-la-nova-sindica-o-el-nou-sindic-de-barcelona\\\/#primaryimage\",\"url\":\"https:\\\/\\\/www.sindicaturabarcelona.cat\\\/wp-content\\\/uploads\\\/2021\\\/03\\\/porta-e1616669361197.jpeg\",\"contentUrl\":\"https:\\\/\\\/www.sindicaturabarcelona.cat\\\/wp-content\\\/uploads\\\/2021\\\/03\\\/porta-e1616669361197.jpeg\",\"width\":572,\"height\":469},{\"@type\":\"BreadcrumbList\",\"@id\":\"https:\\\/\\\/www.sindicaturabarcelona.cat\\\/ca\\\/vuit-candidatures-presentades-per-a-leleccio-de-la-nova-sindica-o-el-nou-sindic-de-barcelona\\\/#breadcrumb\",\"itemListElement\":[{\"@type\":\"ListItem\",\"position\":1,\"name\":\"Inici\",\"item\":\"https:\\\/\\\/www.sindicaturabarcelona.cat\\\/ca\\\/\"},{\"@type\":\"ListItem\",\"position\":2,\"name\":\"Vuit candidatures presentades per a l&#8217;elecci\u00f3 de la nova s\u00edndica o el nou s\u00edndic de Barcelona\"}]},{\"@type\":\"WebSite\",\"@id\":\"https:\\\/\\\/www.sindicaturabarcelona.cat\\\/ca\\\/#website\",\"url\":\"https:\\\/\\\/www.sindicaturabarcelona.cat\\\/ca\\\/\",\"name\":\"Sindicatura de Greuges de Barcelona\",\"description\":\"La defensoria dels teus drets\",\"publisher\":{\"@id\":\"https:\\\/\\\/www.sindicaturabarcelona.cat\\\/ca\\\/#organization\"},\"potentialAction\":[{\"@type\":\"SearchAction\",\"target\":{\"@type\":\"EntryPoint\",\"urlTemplate\":\"https:\\\/\\\/www.sindicaturabarcelona.cat\\\/ca\\\/?s={search_term_string}\"},\"query-input\":{\"@type\":\"PropertyValueSpecification\",\"valueRequired\":true,\"valueName\":\"search_term_string\"}}],\"inLanguage\":\"ca\"},{\"@type\":\"Organization\",\"@id\":\"https:\\\/\\\/www.sindicaturabarcelona.cat\\\/ca\\\/#organization\",\"name\":\"Sindicatura de Greuges de Barcelona\",\"url\":\"https:\\\/\\\/www.sindicaturabarcelona.cat\\\/ca\\\/\",\"logo\":{\"@type\":\"ImageObject\",\"inLanguage\":\"ca\",\"@id\":\"https:\\\/\\\/www.sindicaturabarcelona.cat\\\/ca\\\/#\\\/schema\\\/logo\\\/image\\\/\",\"url\":\"https:\\\/\\\/www.sindicaturabarcelona.cat\\\/wp-content\\\/uploads\\\/2023\\\/02\\\/logo_sindicatura.svg\",\"contentUrl\":\"https:\\\/\\\/www.sindicaturabarcelona.cat\\\/wp-content\\\/uploads\\\/2023\\\/02\\\/logo_sindicatura.svg\",\"caption\":\"Sindicatura de Greuges de Barcelona\"},\"image\":{\"@id\":\"https:\\\/\\\/www.sindicaturabarcelona.cat\\\/ca\\\/#\\\/schema\\\/logo\\\/image\\\/\"},\"sameAs\":[\"https:\\\/\\\/x.com\\\/sindicbarcelona\",\"https:\\\/\\\/www.instagram.com\\\/sindicbarcelona\\\/\",\"https:\\\/\\\/www.tiktok.com\\\/@sindicaturabcn\",\"https:\\\/\\\/t.me\\\/sindicaturabarcelona\"]},{\"@type\":\"Person\",\"@id\":\"https:\\\/\\\/www.sindicaturabarcelona.cat\\\/ca\\\/#\\\/schema\\\/person\\\/0e5acffc350ffdbc97578159322c9452\",\"name\":\"Pablo\",\"image\":{\"@type\":\"ImageObject\",\"inLanguage\":\"ca\",\"@id\":\"https:\\\/\\\/secure.gravatar.com\\\/avatar\\\/c948169b402ef9492afde705c3dfd5e90e1a6a84ef6840a91124f805a25a480f?s=96&d=mm&r=g\",\"url\":\"https:\\\/\\\/secure.gravatar.com\\\/avatar\\\/c948169b402ef9492afde705c3dfd5e90e1a6a84ef6840a91124f805a25a480f?s=96&d=mm&r=g\",\"contentUrl\":\"https:\\\/\\\/secure.gravatar.com\\\/avatar\\\/c948169b402ef9492afde705c3dfd5e90e1a6a84ef6840a91124f805a25a480f?s=96&d=mm&r=g\",\"caption\":\"Pablo\"},\"url\":\"https:\\\/\\\/www.sindicaturabarcelona.cat\\\/ca\\\/author\\\/pablo\\\/\"}]}<\/script>\n<!-- \/ Yoast SEO plugin. -->","yoast_head_json":{"title":"Vuit candidatures presentades per a l'elecci\u00f3 de la nova s\u00edndica o el nou s\u00edndic de Barcelona - Sindicatura de Greuges de Barcelona","robots":{"index":"index","follow":"follow","max-snippet":"max-snippet:-1","max-image-preview":"max-image-preview:large","max-video-preview":"max-video-preview:-1"},"canonical":"https:\/\/www.sindicaturabarcelona.cat\/ca\/vuit-candidatures-presentades-per-a-leleccio-de-la-nova-sindica-o-el-nou-sindic-de-barcelona\/","og_locale":"ca_ES","og_type":"article","og_title":"Vuit candidatures presentades per a l'elecci\u00f3 de la nova s\u00edndica o el nou s\u00edndic de Barcelona - Sindicatura de Greuges de Barcelona","og_description":"Durant els darrers dos mesos, entre el 15 de gener i el 15 de mar\u00e7, el teixit associatiu de la ciutat ha presentat vuit candidatures per al c\u00e0rrec de s\u00edndic [&hellip;]","og_url":"https:\/\/www.sindicaturabarcelona.cat\/ca\/vuit-candidatures-presentades-per-a-leleccio-de-la-nova-sindica-o-el-nou-sindic-de-barcelona\/","og_site_name":"Sindicatura de Greuges de Barcelona","article_published_time":"2021-03-25T10:27:25+00:00","article_modified_time":"2021-03-25T10:29:04+00:00","og_image":[{"width":572,"height":469,"url":"https:\/\/www.sindicaturabarcelona.cat\/wp-content\/uploads\/2021\/03\/porta-e1616669361197.jpeg","type":"image\/jpeg"}],"author":"Pablo","twitter_card":"summary_large_image","twitter_creator":"@sindicbarcelona","twitter_site":"@sindicbarcelona","twitter_misc":{"Escrit per":"Pablo","Temps estimat de lectura":"1 minut"},"schema":{"@context":"https:\/\/schema.org","@graph":[{"@type":"Article","@id":"https:\/\/www.sindicaturabarcelona.cat\/ca\/vuit-candidatures-presentades-per-a-leleccio-de-la-nova-sindica-o-el-nou-sindic-de-barcelona\/#article","isPartOf":{"@id":"https:\/\/www.sindicaturabarcelona.cat\/ca\/vuit-candidatures-presentades-per-a-leleccio-de-la-nova-sindica-o-el-nou-sindic-de-barcelona\/"},"author":{"name":"Pablo","@id":"https:\/\/www.sindicaturabarcelona.cat\/ca\/#\/schema\/person\/0e5acffc350ffdbc97578159322c9452"},"headline":"Vuit candidatures presentades per a l&#8217;elecci\u00f3 de la nova s\u00edndica o el nou s\u00edndic de Barcelona","datePublished":"2021-03-25T10:27:25+00:00","dateModified":"2021-03-25T10:29:04+00:00","mainEntityOfPage":{"@id":"https:\/\/www.sindicaturabarcelona.cat\/ca\/vuit-candidatures-presentades-per-a-leleccio-de-la-nova-sindica-o-el-nou-sindic-de-barcelona\/"},"wordCount":260,"publisher":{"@id":"https:\/\/www.sindicaturabarcelona.cat\/ca\/#organization"},"image":{"@id":"https:\/\/www.sindicaturabarcelona.cat\/ca\/vuit-candidatures-presentades-per-a-leleccio-de-la-nova-sindica-o-el-nou-sindic-de-barcelona\/#primaryimage"},"thumbnailUrl":"https:\/\/www.sindicaturabarcelona.cat\/wp-content\/uploads\/2021\/03\/porta-e1616669361197.jpeg","inLanguage":"ca"},{"@type":"WebPage","@id":"https:\/\/www.sindicaturabarcelona.cat\/ca\/vuit-candidatures-presentades-per-a-leleccio-de-la-nova-sindica-o-el-nou-sindic-de-barcelona\/","url":"https:\/\/www.sindicaturabarcelona.cat\/ca\/vuit-candidatures-presentades-per-a-leleccio-de-la-nova-sindica-o-el-nou-sindic-de-barcelona\/","name":"Vuit candidatures presentades per a l'elecci\u00f3 de la nova s\u00edndica o el nou s\u00edndic de Barcelona - Sindicatura de Greuges de Barcelona","isPartOf":{"@id":"https:\/\/www.sindicaturabarcelona.cat\/ca\/#website"},"primaryImageOfPage":{"@id":"https:\/\/www.sindicaturabarcelona.cat\/ca\/vuit-candidatures-presentades-per-a-leleccio-de-la-nova-sindica-o-el-nou-sindic-de-barcelona\/#primaryimage"},"image":{"@id":"https:\/\/www.sindicaturabarcelona.cat\/ca\/vuit-candidatures-presentades-per-a-leleccio-de-la-nova-sindica-o-el-nou-sindic-de-barcelona\/#primaryimage"},"thumbnailUrl":"https:\/\/www.sindicaturabarcelona.cat\/wp-content\/uploads\/2021\/03\/porta-e1616669361197.jpeg","datePublished":"2021-03-25T10:27:25+00:00","dateModified":"2021-03-25T10:29:04+00:00","breadcrumb":{"@id":"https:\/\/www.sindicaturabarcelona.cat\/ca\/vuit-candidatures-presentades-per-a-leleccio-de-la-nova-sindica-o-el-nou-sindic-de-barcelona\/#breadcrumb"},"inLanguage":"ca","potentialAction":[{"@type":"ReadAction","target":["https:\/\/www.sindicaturabarcelona.cat\/ca\/vuit-candidatures-presentades-per-a-leleccio-de-la-nova-sindica-o-el-nou-sindic-de-barcelona\/"]}]},{"@type":"ImageObject","inLanguage":"ca","@id":"https:\/\/www.sindicaturabarcelona.cat\/ca\/vuit-candidatures-presentades-per-a-leleccio-de-la-nova-sindica-o-el-nou-sindic-de-barcelona\/#primaryimage","url":"https:\/\/www.sindicaturabarcelona.cat\/wp-content\/uploads\/2021\/03\/porta-e1616669361197.jpeg","contentUrl":"https:\/\/www.sindicaturabarcelona.cat\/wp-content\/uploads\/2021\/03\/porta-e1616669361197.jpeg","width":572,"height":469},{"@type":"BreadcrumbList","@id":"https:\/\/www.sindicaturabarcelona.cat\/ca\/vuit-candidatures-presentades-per-a-leleccio-de-la-nova-sindica-o-el-nou-sindic-de-barcelona\/#breadcrumb","itemListElement":[{"@type":"ListItem","position":1,"name":"Inici","item":"https:\/\/www.sindicaturabarcelona.cat\/ca\/"},{"@type":"ListItem","position":2,"name":"Vuit candidatures presentades per a l&#8217;elecci\u00f3 de la nova s\u00edndica o el nou s\u00edndic de Barcelona"}]},{"@type":"WebSite","@id":"https:\/\/www.sindicaturabarcelona.cat\/ca\/#website","url":"https:\/\/www.sindicaturabarcelona.cat\/ca\/","name":"Sindicatura de Greuges de Barcelona","description":"La defensoria dels teus drets","publisher":{"@id":"https:\/\/www.sindicaturabarcelona.cat\/ca\/#organization"},"potentialAction":[{"@type":"SearchAction","target":{"@type":"EntryPoint","urlTemplate":"https:\/\/www.sindicaturabarcelona.cat\/ca\/?s={search_term_string}"},"query-input":{"@type":"PropertyValueSpecification","valueRequired":true,"valueName":"search_term_string"}}],"inLanguage":"ca"},{"@type":"Organization","@id":"https:\/\/www.sindicaturabarcelona.cat\/ca\/#organization","name":"Sindicatura de Greuges de Barcelona","url":"https:\/\/www.sindicaturabarcelona.cat\/ca\/","logo":{"@type":"ImageObject","inLanguage":"ca","@id":"https:\/\/www.sindicaturabarcelona.cat\/ca\/#\/schema\/logo\/image\/","url":"https:\/\/www.sindicaturabarcelona.cat\/wp-content\/uploads\/2023\/02\/logo_sindicatura.svg","contentUrl":"https:\/\/www.sindicaturabarcelona.cat\/wp-content\/uploads\/2023\/02\/logo_sindicatura.svg","caption":"Sindicatura de Greuges de Barcelona"},"image":{"@id":"https:\/\/www.sindicaturabarcelona.cat\/ca\/#\/schema\/logo\/image\/"},"sameAs":["https:\/\/x.com\/sindicbarcelona","https:\/\/www.instagram.com\/sindicbarcelona\/","https:\/\/www.tiktok.com\/@sindicaturabcn","https:\/\/t.me\/sindicaturabarcelona"]},{"@type":"Person","@id":"https:\/\/www.sindicaturabarcelona.cat\/ca\/#\/schema\/person\/0e5acffc350ffdbc97578159322c9452","name":"Pablo","image":{"@type":"ImageObject","inLanguage":"ca","@id":"https:\/\/secure.gravatar.com\/avatar\/c948169b402ef9492afde705c3dfd5e90e1a6a84ef6840a91124f805a25a480f?s=96&d=mm&r=g","url":"https:\/\/secure.gravatar.com\/avatar\/c948169b402ef9492afde705c3dfd5e90e1a6a84ef6840a91124f805a25a480f?s=96&d=mm&r=g","contentUrl":"https:\/\/secure.gravatar.com\/avatar\/c948169b402ef9492afde705c3dfd5e90e1a6a84ef6840a91124f805a25a480f?s=96&d=mm&r=g","caption":"Pablo"},"url":"https:\/\/www.sindicaturabarcelona.cat\/ca\/author\/pablo\/"}]}},"_links":{"self":[{"href":"https:\/\/www.sindicaturabarcelona.cat\/ca\/wp-json\/wp\/v2\/posts\/12176","targetHints":{"allow":["GET"]}}],"collection":[{"href":"https:\/\/www.sindicaturabarcelona.cat\/ca\/wp-json\/wp\/v2\/posts"}],"about":[{"href":"https:\/\/www.sindicaturabarcelona.cat\/ca\/wp-json\/wp\/v2\/types\/post"}],"author":[{"embeddable":true,"href":"https:\/\/www.sindicaturabarcelona.cat\/ca\/wp-json\/wp\/v2\/users\/2"}],"replies":[{"embeddable":true,"href":"https:\/\/www.sindicaturabarcelona.cat\/ca\/wp-json\/wp\/v2\/comments?post=12176"}],"version-history":[{"count":0,"href":"https:\/\/www.sindicaturabarcelona.cat\/ca\/wp-json\/wp\/v2\/posts\/12176\/revisions"}],"wp:featuredmedia":[{"embeddable":true,"href":"https:\/\/www.sindicaturabarcelona.cat\/ca\/wp-json\/wp\/v2\/media\/12177"}],"wp:attachment":[{"href":"https:\/\/www.sindicaturabarcelona.cat\/ca\/wp-json\/wp\/v2\/media?parent=12176"}],"wp:term":[{"taxonomy":"post_tag","embeddable":true,"href":"https:\/\/www.sindicaturabarcelona.cat\/ca\/wp-json\/wp\/v2\/tags?post=12176"},{"taxonomy":"drets","embeddable":true,"href":"https:\/\/www.sindicaturabarcelona.cat\/ca\/wp-json\/wp\/v2\/drets?post=12176"}],"curies":[{"name":"wp","href":"https:\/\/api.w.org\/{rel}","templated":true}]}}