{"id":41546,"global_id":"www.sindicaturabarcelona.cat\/ca\/?id=41546","global_id_lineage":["www.sindicaturabarcelona.cat\/ca\/?id=41546"],"author":"7","status":"publish","date":"2026-01-30 11:58:48","date_utc":"2026-01-30 09:58:48","modified":"2026-02-03 14:10:50","modified_utc":"2026-02-03 12:10:50","url":"https:\/\/www.sindicaturabarcelona.cat\/ca\/activitat\/reunio-del-ple-del-consell-municipal-de-cooperacio-internacional\/","rest_url":"https:\/\/www.sindicaturabarcelona.cat\/ca\/wp-json\/tribe\/events\/v1\/events\/41546","title":"Reuni\u00f3 del Ple del Consell Municipal de Cooperaci\u00f3 Internacional","description":"","excerpt":"","slug":"reunio-del-ple-del-consell-municipal-de-cooperacio-internacional","image":false,"all_day":false,"start_date":"2026-02-04 16:30:00","start_date_details":{"year":"2026","month":"02","day":"04","hour":"16","minutes":"30","seconds":"00"},"end_date":"2026-02-04 17:30:00","end_date_details":{"year":"2026","month":"02","day":"04","hour":"17","minutes":"30","seconds":"00"},"utc_start_date":"2026-02-04 14:30:00","utc_start_date_details":{"year":"2026","month":"02","day":"04","hour":"14","minutes":"30","seconds":"00"},"utc_end_date":"2026-02-04 15:30:00","utc_end_date_details":{"year":"2026","month":"02","day":"04","hour":"15","minutes":"30","seconds":"00"},"timezone":"UTC+2","timezone_abbr":"UTC+2","cost":"","cost_details":{"currency_symbol":"\u20ac","currency_code":"EUR","currency_position":"prefix","values":[]},"website":"","show_map":false,"show_map_link":false,"hide_from_listings":false,"sticky":false,"featured":false,"categories":[{"name":"Reunions","slug":"reunions","term_group":0,"term_taxonomy_id":1500,"taxonomy":"tribe_events_cat","description":"","parent":0,"count":250,"filter":"raw","term_order":"0","id":1500,"urls":{"self":"https:\/\/www.sindicaturabarcelona.cat\/ca\/wp-json\/tribe\/events\/v1\/categories\/1500","collection":"https:\/\/www.sindicaturabarcelona.cat\/ca\/wp-json\/tribe\/events\/v1\/categories"}}],"tags":[],"venue":{"id":41592,"author":"7","status":"publish","date":"2026-02-03 12:37:43","date_utc":"2026-02-03 10:37:43","modified":"2026-02-03 14:10:44","modified_utc":"2026-02-03 12:10:44","url":"https:\/\/www.sindicaturabarcelona.cat\/ca\/recinte\/ciudades-y-gobiernos-locales-unidos\/","venue":"Seu dels Serveis de Drets Humans, Just\u00edcia Global i Cooperaci\u00f3 internacional","slug":"ciudades-y-gobiernos-locales-unidos","address":"C. Aviny\u00f3, 15","city":"Barcelona","json_ld":{"@type":"Place","name":"Seu dels Serveis de Drets Humans, Just\u00edcia Global i Cooperaci\u00f3 internacional","description":"","url":"","address":{"@type":"PostalAddress","streetAddress":"C. Aviny\u00f3, 15","addressLocality":"Barcelona"},"telephone":"","sameAs":""},"show_map":true,"show_map_link":true,"global_id":"www.sindicaturabarcelona.cat\/ca\/?id=41592","global_id_lineage":["www.sindicaturabarcelona.cat\/ca\/?id=41592"]},"organizer":[],"custom_fields":[],"json_ld":{"@context":"http:\/\/schema.org","@type":"Event","name":"Reuni\u00f3 del Ple del Consell Municipal de Cooperaci\u00f3 Internacional","description":"","url":"https:\/\/www.sindicaturabarcelona.cat\/ca\/activitat\/reunio-del-ple-del-consell-municipal-de-cooperacio-internacional\/","eventAttendanceMode":"https:\/\/schema.org\/OfflineEventAttendanceMode","eventStatus":"https:\/\/schema.org\/EventScheduled","startDate":"2026-02-04T16:30:00+02:00","endDate":"2026-02-04T17:30:00+02:00","location":{"@type":"Place","name":"Seu dels Serveis de Drets Humans, Just\u00edcia Global i Cooperaci\u00f3 internacional","description":"","url":"","address":{"@type":"PostalAddress","streetAddress":"C. Aviny\u00f3, 15","addressLocality":"Barcelona"},"telephone":"","sameAs":""},"performer":"Organization"}}