{"id":41476,"global_id":"www.sindicaturabarcelona.cat\/ca\/?id=41476","global_id_lineage":["www.sindicaturabarcelona.cat\/ca\/?id=41476"],"author":"7","status":"publish","date":"2026-01-26 14:20:41","date_utc":"2026-01-26 12:20:41","modified":"2026-02-03 11:51:42","modified_utc":"2026-02-03 09:51:42","url":"https:\/\/www.sindicaturabarcelona.cat\/ca\/activitat\/reunio-amb-la-comissionada-daccio-social-la-sonia-fuertes\/","rest_url":"https:\/\/www.sindicaturabarcelona.cat\/ca\/wp-json\/tribe\/events\/v1\/events\/41476","title":"Reuni\u00f3 amb la Comissionada d&#8217;Acci\u00f3 Social, la S\u00f2nia Fuertes","description":"","excerpt":"","slug":"reunio-amb-la-comissionada-daccio-social-la-sonia-fuertes","image":false,"all_day":false,"start_date":"2026-01-27 09:30:00","start_date_details":{"year":"2026","month":"01","day":"27","hour":"09","minutes":"30","seconds":"00"},"end_date":"2026-01-27 10:30:00","end_date_details":{"year":"2026","month":"01","day":"27","hour":"10","minutes":"30","seconds":"00"},"utc_start_date":"2026-01-27 07:30:00","utc_start_date_details":{"year":"2026","month":"01","day":"27","hour":"07","minutes":"30","seconds":"00"},"utc_end_date":"2026-01-27 08:30:00","utc_end_date_details":{"year":"2026","month":"01","day":"27","hour":"08","minutes":"30","seconds":"00"},"timezone":"UTC+2","timezone_abbr":"UTC+2","cost":"","cost_details":{"currency_symbol":"\u20ac","currency_code":"EUR","currency_position":"prefix","values":[]},"website":"","show_map":true,"show_map_link":true,"hide_from_listings":false,"sticky":false,"featured":false,"categories":[{"name":"Reunions","slug":"reunions","term_group":0,"term_taxonomy_id":1500,"taxonomy":"tribe_events_cat","description":"","parent":0,"count":250,"filter":"raw","term_order":"0","id":1500,"urls":{"self":"https:\/\/www.sindicaturabarcelona.cat\/ca\/wp-json\/tribe\/events\/v1\/categories\/1500","collection":"https:\/\/www.sindicaturabarcelona.cat\/ca\/wp-json\/tribe\/events\/v1\/categories"}}],"tags":[],"venue":{"id":27894,"author":"2","status":"publish","date":"2023-05-10 15:15:28","date_utc":"2023-05-10 13:15:28","modified":"2023-10-18 13:13:05","modified_utc":"2023-10-18 11:13:05","url":"https:\/\/www.sindicaturabarcelona.cat\/ca\/recinte\/sindicatura-de-greuges\/","venue":"Sindicatura de Greuges de Barcelona","slug":"sindicatura-de-greuges","address":"Ronda Sant Pau 43","city":"Barcelona","province":"Catalunya","zip":"08015","phone":"93 413 29 00","website":"https:\/\/www.sindicaturabarcelona.cat\/","stateprovince":"Catalunya","json_ld":{"@type":"Place","name":"Sindicatura de Greuges de Barcelona","description":"","url":"","address":{"@type":"PostalAddress","streetAddress":"Ronda Sant Pau 43","addressLocality":"Barcelona","addressRegion":"Catalunya","postalCode":"08015"},"telephone":"93 413 29 00","sameAs":"https:\/\/www.sindicaturabarcelona.cat\/"},"show_map":true,"show_map_link":true,"global_id":"www.sindicaturabarcelona.cat\/ca\/?id=27894","global_id_lineage":["www.sindicaturabarcelona.cat\/ca\/?id=27894"]},"organizer":[],"custom_fields":[],"json_ld":{"@context":"http:\/\/schema.org","@type":"Event","name":"Reuni\u00f3 amb la Comissionada d&#8217;Acci\u00f3 Social, la S\u00f2nia Fuertes","description":"","url":"https:\/\/www.sindicaturabarcelona.cat\/ca\/activitat\/reunio-amb-la-comissionada-daccio-social-la-sonia-fuertes\/","eventAttendanceMode":"https:\/\/schema.org\/OfflineEventAttendanceMode","eventStatus":"https:\/\/schema.org\/EventScheduled","startDate":"2026-01-27T09:30:00+02:00","endDate":"2026-01-27T10:30:00+02:00","location":{"@type":"Place","name":"Sindicatura de Greuges de Barcelona","description":"","url":"","address":{"@type":"PostalAddress","streetAddress":"Ronda Sant Pau 43","addressLocality":"Barcelona","addressRegion":"Catalunya","postalCode":"08015"},"telephone":"93 413 29 00","sameAs":"https:\/\/www.sindicaturabarcelona.cat\/"},"performer":"Organization"}}