{"id":39102,"global_id":"www.sindicaturabarcelona.cat\/ca\/?id=39102","global_id_lineage":["www.sindicaturabarcelona.cat\/ca\/?id=39102"],"author":"2","status":"publish","date":"2025-09-05 14:28:18","date_utc":"2025-09-05 12:28:18","modified":"2025-09-05 14:42:01","modified_utc":"2025-09-05 12:42:01","url":"https:\/\/www.sindicaturabarcelona.cat\/ca\/activitat\/el-sindic-assisteix-a-la-conferencia-dandreu-mayayo-amb-motiu-de-lonze-de-setembre\/","rest_url":"https:\/\/www.sindicaturabarcelona.cat\/ca\/wp-json\/tribe\/events\/v1\/events\/39102","title":"El s\u00edndic assisteix a la confer\u00e8ncia institucional amb motiu de la Diada Nacional de Catalunya","description":"<p>El Dr. Andreu Mayayo, catedr\u00e0tic d&#8217;Hist\u00f2ria Contempor\u00e0nia i M\u00f3n Actual de la Universitat de Barcelona, pronuncia la confer\u00e8ncia &#8216;<a href=\"https:\/\/www.barcelona.cat\/ca\/viure-a-bcn\/diada\/tots-els-actes-de-la-diada-nacional-de-catalunya\/conferencia-i-despres-de-franco-que-a-carrec-del-dr-andreu-mayayo-i-artal-99400697047\" target=\"_blank\" rel=\"noopener\">I despr\u00e9s de Franco, qu\u00e8?<\/a>&#8216;<\/p>","excerpt":"","slug":"el-sindic-assisteix-a-la-conferencia-dandreu-mayayo-amb-motiu-de-lonze-de-setembre","image":false,"all_day":false,"start_date":"2025-09-09 17:00:00","start_date_details":{"year":"2025","month":"09","day":"09","hour":"17","minutes":"00","seconds":"00"},"end_date":"2025-09-09 18:30:00","end_date_details":{"year":"2025","month":"09","day":"09","hour":"18","minutes":"30","seconds":"00"},"utc_start_date":"2025-09-09 14:00:00","utc_start_date_details":{"year":"2025","month":"09","day":"09","hour":"14","minutes":"00","seconds":"00"},"utc_end_date":"2025-09-09 15:30:00","utc_end_date_details":{"year":"2025","month":"09","day":"09","hour":"15","minutes":"30","seconds":"00"},"timezone":"UTC+2","timezone_abbr":"UTC+2","cost":"","cost_details":{"currency_symbol":"\u20ac","currency_code":"EUR","currency_position":"prefix","values":[]},"website":"","show_map":true,"show_map_link":true,"hide_from_listings":false,"sticky":false,"featured":false,"categories":[{"name":"Actes","slug":"actes","term_group":0,"term_taxonomy_id":1651,"taxonomy":"tribe_events_cat","description":"","parent":0,"count":50,"filter":"raw","term_order":"0","id":1651,"urls":{"self":"https:\/\/www.sindicaturabarcelona.cat\/ca\/wp-json\/tribe\/events\/v1\/categories\/1651","collection":"https:\/\/www.sindicaturabarcelona.cat\/ca\/wp-json\/tribe\/events\/v1\/categories"}},{"name":"Institucional","slug":"institucional","term_group":0,"term_taxonomy_id":1634,"taxonomy":"tribe_events_cat","description":"","parent":0,"count":100,"filter":"raw","term_order":"0","id":1634,"urls":{"self":"https:\/\/www.sindicaturabarcelona.cat\/ca\/wp-json\/tribe\/events\/v1\/categories\/1634","collection":"https:\/\/www.sindicaturabarcelona.cat\/ca\/wp-json\/tribe\/events\/v1\/categories"}}],"tags":[],"venue":{"id":31710,"author":"2","status":"publish","date":"2024-03-07 10:11:51","date_utc":"2024-03-07 08:11:51","modified":"2024-03-07 10:11:51","modified_utc":"2024-03-07 08:11:51","url":"https:\/\/www.sindicaturabarcelona.cat\/ca\/recinte\/salo-de-cent\/","venue":"Sal\u00f3 de Cent","slug":"salo-de-cent","address":"Pl. Sant Jaume","city":"Barcelona","json_ld":{"@type":"Place","name":"Sal\u00f3 de Cent","description":"","url":"","address":{"@type":"PostalAddress","streetAddress":"Pl. Sant Jaume","addressLocality":"Barcelona"},"telephone":"","sameAs":""},"show_map":true,"show_map_link":true,"global_id":"www.sindicaturabarcelona.cat\/ca\/?id=31710","global_id_lineage":["www.sindicaturabarcelona.cat\/ca\/?id=31710"]},"organizer":[],"custom_fields":[],"json_ld":{"@context":"http:\/\/schema.org","@type":"Event","name":"El s\u00edndic assisteix a la confer\u00e8ncia institucional amb motiu de la Diada Nacional de Catalunya","description":"&lt;p&gt;El Dr. Andreu Mayayo, catedr\u00e0tic d\\'Hist\u00f2ria Contempor\u00e0nia i M\u00f3n Actual de la Universitat de Barcelona, pronuncia la confer\u00e8ncia \\'I despr\u00e9s de Franco, qu\u00e8?\\'&lt;\/p&gt;\\n","url":"https:\/\/www.sindicaturabarcelona.cat\/ca\/activitat\/el-sindic-assisteix-a-la-conferencia-dandreu-mayayo-amb-motiu-de-lonze-de-setembre\/","eventAttendanceMode":"https:\/\/schema.org\/OfflineEventAttendanceMode","eventStatus":"https:\/\/schema.org\/EventScheduled","startDate":"2025-09-09T17:00:00+02:00","endDate":"2025-09-09T18:30:00+02:00","location":{"@type":"Place","name":"Sal\u00f3 de Cent","description":"","url":"","address":{"@type":"PostalAddress","streetAddress":"Pl. Sant Jaume","addressLocality":"Barcelona"},"telephone":"","sameAs":""},"performer":"Organization"}}